{"id":797,"date":"2009-01-11T14:18:34","date_gmt":"2009-01-11T14:18:34","guid":{"rendered":"http:\/\/tikopia.wordpress.com\/?p=232"},"modified":"2009-01-11T14:18:34","modified_gmt":"2009-01-11T14:18:34","slug":"laissez-mijoter-la-fievre-quelques-heures","status":"publish","type":"post","link":"http:\/\/www.xaviergalaup.net\/tikopia\/2009\/01\/laissez-mijoter-la-fievre-quelques-heures\/","title":{"rendered":"Laissez mijoter la fi\u00e8vre quelques heures"},"content":{"rendered":"<p>Laissez mijoter la fi\u00e8vre quelques heures et riez comme un fou devant le d\u00e9lire qui vous gagne.<\/p>\n","protected":false},"excerpt":{"rendered":"<p>Laissez mijoter la fi\u00e8vre quelques heures et riez comme un fou devant le d\u00e9lire qui vous gagne.<\/p>\n","protected":false},"author":1,"featured_media":0,"comment_status":"open","ping_status":"open","sticky":false,"template":"","format":"standard","meta":{"spay_email":"","jetpack_publicize_message":"","jetpack_is_tweetstorm":false,"jetpack_publicize_feature_enabled":true},"categories":[20],"tags":[],"jetpack_featured_media_url":"","jetpack_publicize_connections":[],"jetpack_sharing_enabled":true,"jetpack_shortlink":"https:\/\/wp.me\/p5H0vD-cR","jetpack-related-posts":[{"id":811,"url":"http:\/\/www.xaviergalaup.net\/tikopia\/2009\/01\/paysage-sans-ombres\/","url_meta":{"origin":797,"position":0},"title":"Paysage sans ombres","date":"25 janvier 2009","format":false,"excerpt":"J'ai march\u00e9 tout droit vers la temp\u00eate, le d\u00e9lire des \u00e9l\u00e9ments, ma fi\u00e8vre en noir et blanc effa\u00e7ait toutes les ombres, derri\u00e8re moi les sons s'accumulaient comme une menace joyeuse, la cl\u00f4ture ne voulait rien dire, juste une impossibilit\u00e9 de crier de l'autre c\u00f4t\u00e9 alors que, alors que, alors que,\u2026","rel":"","context":"Dans &quot;photos&quot;","img":{"alt_text":"","src":"","width":0,"height":0},"classes":[]},{"id":1191,"url":"http:\/\/www.xaviergalaup.net\/tikopia\/2012\/02\/juste-ces-mots\/","url_meta":{"origin":797,"position":1},"title":"Juste ces mots","date":"11 f\u00e9vrier 2012","format":false,"excerpt":"Quelques mots tourbillons d\u00e9sabus\u00e9s de l\u2019amour d\u00e9sirs qui jouent \u00e0 cache cache chiche on s\u2019aime corps qui se rapprochent intens\u00e9ment ne plus rien se dire porter par la fi\u00e8vre et puis l\u2019absence murmure (quelques notes qui refusent de mourir dans l\u2019\u00e9cho) d\u2019apr\u00e8s la chanson Juste ces mots de l\u2019Album 33\u2026","rel":"","context":"Dans &quot;music&quot;","img":{"alt_text":"","src":"","width":0,"height":0},"classes":[]},{"id":2234,"url":"http:\/\/www.xaviergalaup.net\/tikopia\/2013\/03\/les-mots-cachent-precieusement-leur-petit-lumiere\/","url_meta":{"origin":797,"position":2},"title":"les mots cachent pr\u00e9cieusement leur petit lumi\u00e8re","date":"17 mars 2013","format":false,"excerpt":"Les mots cachent pr\u00e9cieusement leur petite lumi\u00e8re ce d\u00e9lire in\u00e9dit qui na\u00eet du choc et le coup porte net au plexus du lecteur comme le tourbillon immobile. (journal des mots n\u00b0140 \/ 30 novembre 2012)","rel":"","context":"Dans &quot;journal des mots&quot;","img":{"alt_text":"","src":"","width":0,"height":0},"classes":[]},{"id":2578,"url":"http:\/\/www.xaviergalaup.net\/tikopia\/2019\/04\/atelier-decriture-hiver-2018-2019-f-bon-proposition-7\/","url_meta":{"origin":797,"position":3},"title":"Atelier d\u2019\u00e9criture Hiver 2018-2019 F. Bon, proposition 7","date":"28 avril 2019","format":false,"excerpt":"Je m'installe dans la v\u00e9randa, un livre de po\u00e9sie et mon Ipad. Derri\u00e8re les lamelles du store, le jardin change un peu au fil des saisons. De l\u00e0 o\u00f9 je suis, je vois surtout le gazon, la haie et le petit cabanon en bois. Je lis quelques vers de po\u00e9sie,\u2026","rel":"","context":"Dans &quot;atelier f-bon&quot;","img":{"alt_text":"","src":"","width":0,"height":0},"classes":[]},{"id":612,"url":"http:\/\/www.xaviergalaup.net\/tikopia\/2006\/05\/cycle-de-lombre\/","url_meta":{"origin":797,"position":4},"title":"cycle de l&rsquo;ombre","date":"3 mai 2006","format":false,"excerpt":"Le cycle de l'ombre L'homme ne s'y refl\u00e8te pas, il refuse son ombre, il d\u00e9vore sa vie qui n'est que lumi\u00e8re, il renvoie au Soleil toute son arrogance, son d\u00e9lire d'immortalit\u00e9, l'ombre dissip\u00e9e installe le doute et comme les roues de son v\u00e9lo tournent le cycle des m\u00e9disances, seules aisances\u2026","rel":"","context":"Dans &quot;photos&quot;","img":{"alt_text":"","src":"","width":0,"height":0},"classes":[]},{"id":2594,"url":"http:\/\/www.xaviergalaup.net\/tikopia\/2019\/05\/la-chanson-de-roland-atelier-nouvelle-f-bon-proposition-10\/","url_meta":{"origin":797,"position":5},"title":"La chanson de Roland (atelier nouvelle F. Bon, proposition 10)","date":"5 mai 2019","format":false,"excerpt":"La chanson de Roland (version 1)Je l'ai crois\u00e9 plusieurs fois sur la plage. Lorsqu'il marchait en regardant l'horizon, Roland avait tour \u00e0 tour l'air r\u00eaveur, pensif et parfois triste. La premi\u00e8re fois que je l'ai dessin\u00e9, c'\u00e9tait en cachette, il \u00e9tait assis sur un banc face \u00e0 l'oc\u00e9an et il\u2026","rel":"","context":"Dans &quot;atelier f-bon&quot;","img":{"alt_text":"","src":"","width":0,"height":0},"classes":[]}],"_links":{"self":[{"href":"http:\/\/www.xaviergalaup.net\/tikopia\/wp-json\/wp\/v2\/posts\/797"}],"collection":[{"href":"http:\/\/www.xaviergalaup.net\/tikopia\/wp-json\/wp\/v2\/posts"}],"about":[{"href":"http:\/\/www.xaviergalaup.net\/tikopia\/wp-json\/wp\/v2\/types\/post"}],"author":[{"embeddable":true,"href":"http:\/\/www.xaviergalaup.net\/tikopia\/wp-json\/wp\/v2\/users\/1"}],"replies":[{"embeddable":true,"href":"http:\/\/www.xaviergalaup.net\/tikopia\/wp-json\/wp\/v2\/comments?post=797"}],"version-history":[{"count":0,"href":"http:\/\/www.xaviergalaup.net\/tikopia\/wp-json\/wp\/v2\/posts\/797\/revisions"}],"wp:attachment":[{"href":"http:\/\/www.xaviergalaup.net\/tikopia\/wp-json\/wp\/v2\/media?parent=797"}],"wp:term":[{"taxonomy":"category","embeddable":true,"href":"http:\/\/www.xaviergalaup.net\/tikopia\/wp-json\/wp\/v2\/categories?post=797"},{"taxonomy":"post_tag","embeddable":true,"href":"http:\/\/www.xaviergalaup.net\/tikopia\/wp-json\/wp\/v2\/tags?post=797"}],"curies":[{"name":"wp","href":"https:\/\/api.w.org\/{rel}","templated":true}]}}