{"id":796,"date":"2009-01-10T14:15:23","date_gmt":"2009-01-10T14:15:23","guid":{"rendered":"http:\/\/tikopia.wordpress.com\/?p=229"},"modified":"2009-01-10T14:15:23","modified_gmt":"2009-01-10T14:15:23","slug":"la-rose-de-printemps-a-gele","status":"publish","type":"post","link":"http:\/\/www.xaviergalaup.net\/tikopia\/2009\/01\/la-rose-de-printemps-a-gele\/","title":{"rendered":"la rose de printemps a gel\u00e9"},"content":{"rendered":"<p>la rose de printemps a gel\u00e9 dans le jardin des mes pens\u00e9es, j&rsquo;attends la fonte de l&rsquo;inspiration.<\/p>\n","protected":false},"excerpt":{"rendered":"<p>la rose de printemps a gel\u00e9 dans le jardin des mes pens\u00e9es, j&rsquo;attends la fonte de l&rsquo;inspiration.<\/p>\n","protected":false},"author":1,"featured_media":0,"comment_status":"open","ping_status":"open","sticky":false,"template":"","format":"standard","meta":{"spay_email":"","jetpack_publicize_message":"","jetpack_is_tweetstorm":false,"jetpack_publicize_feature_enabled":true},"categories":[20],"tags":[],"jetpack_featured_media_url":"","jetpack_publicize_connections":[],"jetpack_sharing_enabled":true,"jetpack_shortlink":"https:\/\/wp.me\/p5H0vD-cQ","jetpack-related-posts":[{"id":1169,"url":"http:\/\/www.xaviergalaup.net\/tikopia\/2012\/02\/feuille-morte\/","url_meta":{"origin":796,"position":0},"title":"Feuille morte","date":"7 f\u00e9vrier 2012","format":false,"excerpt":"J\u2019ai perdu la t\u00eate. J\u2019ai fui, j\u2019ai march\u00e9, j\u2019ai couru, j\u2019ai frapp\u00e9 sur les arbres, je me suis perdu dans cette for\u00eat. J\u2019ai cri\u00e9 doucement en moi en regardant tomber cette feuille morte. Je ne veux pas vieillir. Je ne veux pas \u00eatre seul. Je ne veux pas devenir fou.\u2026","rel":"","context":"Dans &quot;fragment po\u00e9tique&quot;","img":{"alt_text":"","src":"","width":0,"height":0},"classes":[]},{"id":632,"url":"http:\/\/www.xaviergalaup.net\/tikopia\/2006\/06\/la-rouille-du-temps-qui-passe\/","url_meta":{"origin":796,"position":1},"title":"la rouille du temps qui passe","date":"1 juin 2006","format":false,"excerpt":"J'attends un autre d\u00e9part, le temps s'enfuit comme des copeaux de rouille, immobile \u00e0 capturer le babillement de l'air sur mes rouages, je sais bien que le jaune brillant de mon voisin aveugle tout le monde, derri\u00e8re c'est moi qui huile \u00e0 lui donner un sens, je suis le grincement\u2026","rel":"","context":"Dans &quot;photos&quot;","img":{"alt_text":"","src":"","width":0,"height":0},"classes":[]},{"id":1612,"url":"http:\/\/www.xaviergalaup.net\/tikopia\/2012\/05\/perdre-mes-pensees\/","url_meta":{"origin":796,"position":2},"title":"Perdre mes pens\u00e9es","date":"27 mai 2012","format":false,"excerpt":"j\u2019ai peur de perdre mes pens\u00e9es toutes ces folies qui me passent par la t\u00eate il y a des signes qui me griffent quand je marche dans le monde limpide et trouble \u00e0 la fois je ne peux pas fuir il y a d\u2019\u00e9tranges inscriptions qui voudraient me prendre dans\u2026","rel":"","context":"Dans &quot;photo&quot;","img":{"alt_text":"","src":"","width":0,"height":0},"classes":[]},{"id":685,"url":"http:\/\/www.xaviergalaup.net\/tikopia\/2007\/03\/micro-fictions-2\/","url_meta":{"origin":796,"position":3},"title":"micro-fictions","date":"11 mars 2007","format":false,"excerpt":"1\/ Indigestion Dans la joie presque dansante de l'ap\u00e9ritif, je bois et je picore. Je parle et j'\u00e9coute. Les convives virevoltent. Je souris d'aise. Mes pens\u00e9es vagabondent ici ou l\u00e0. Mes yeux parcourent rieur l'assembl\u00e9e. Le soulagement est sensible quand lesf\u00eatards s'attablent. Les conversations se font feutr\u00e9es et intimes. Le\u2026","rel":"","context":"Dans &quot;inspirations diverses&quot;","img":{"alt_text":"","src":"","width":0,"height":0},"classes":[]},{"id":2359,"url":"http:\/\/www.xaviergalaup.net\/tikopia\/2013\/07\/les-mots-devastes\/","url_meta":{"origin":796,"position":4},"title":"les mots d\u00e9vast\u00e9s","date":"14 juillet 2013","format":false,"excerpt":"Nul ne sait les mots d\u00e9vast\u00e9s incapables de s\u2019accrocher quand passe l\u2019inspiration \u00e0 la phrase qui s\u2019efface dans la main. (journal des mots n\u00b0163 \/ 19 juin 2013)","rel":"","context":"Dans &quot;journal des mots&quot;","img":{"alt_text":"","src":"","width":0,"height":0},"classes":[]},{"id":738,"url":"http:\/\/www.xaviergalaup.net\/tikopia\/2007\/10\/tete-dans-la-bonheur\/","url_meta":{"origin":796,"position":5},"title":"T\u00eate dans la bonheur","date":"14 octobre 2007","format":false,"excerpt":"La photo surgit au d\u00e9tour d'un feuilletage, ce pass\u00e9 me semble lointain et improbable, pourtant d'un si violent retour \u00e0 la m\u00e9moire, ... exalt\u00e9 par un sentiment de libert\u00e9, j'avais err\u00e9 en \u00e9coutant mes pas et le fil de mes pens\u00e9es, lib\u00e9r\u00e9 de ma vie et pr\u00eat \u00e0 en recommencer\u2026","rel":"","context":"Dans &quot;photos&quot;","img":{"alt_text":"","src":"","width":0,"height":0},"classes":[]}],"_links":{"self":[{"href":"http:\/\/www.xaviergalaup.net\/tikopia\/wp-json\/wp\/v2\/posts\/796"}],"collection":[{"href":"http:\/\/www.xaviergalaup.net\/tikopia\/wp-json\/wp\/v2\/posts"}],"about":[{"href":"http:\/\/www.xaviergalaup.net\/tikopia\/wp-json\/wp\/v2\/types\/post"}],"author":[{"embeddable":true,"href":"http:\/\/www.xaviergalaup.net\/tikopia\/wp-json\/wp\/v2\/users\/1"}],"replies":[{"embeddable":true,"href":"http:\/\/www.xaviergalaup.net\/tikopia\/wp-json\/wp\/v2\/comments?post=796"}],"version-history":[{"count":0,"href":"http:\/\/www.xaviergalaup.net\/tikopia\/wp-json\/wp\/v2\/posts\/796\/revisions"}],"wp:attachment":[{"href":"http:\/\/www.xaviergalaup.net\/tikopia\/wp-json\/wp\/v2\/media?parent=796"}],"wp:term":[{"taxonomy":"category","embeddable":true,"href":"http:\/\/www.xaviergalaup.net\/tikopia\/wp-json\/wp\/v2\/categories?post=796"},{"taxonomy":"post_tag","embeddable":true,"href":"http:\/\/www.xaviergalaup.net\/tikopia\/wp-json\/wp\/v2\/tags?post=796"}],"curies":[{"name":"wp","href":"https:\/\/api.w.org\/{rel}","templated":true}]}}