{"id":794,"date":"2009-01-08T18:20:39","date_gmt":"2009-01-08T18:20:39","guid":{"rendered":"http:\/\/tikopia.wordpress.com\/?p=224"},"modified":"2009-01-08T18:20:39","modified_gmt":"2009-01-08T18:20:39","slug":"quil-est-violent-de-vivre","status":"publish","type":"post","link":"http:\/\/www.xaviergalaup.net\/tikopia\/2009\/01\/quil-est-violent-de-vivre\/","title":{"rendered":"qu&rsquo;il est violent de vivre&#8230;"},"content":{"rendered":"<p>qu&rsquo;il est violent de vivre dans un monde sans nuance qui ne veut avoir sans fin.<\/p>\n","protected":false},"excerpt":{"rendered":"<p>qu&rsquo;il est violent de vivre dans un monde sans nuance qui ne veut avoir sans fin.<\/p>\n","protected":false},"author":1,"featured_media":0,"comment_status":"open","ping_status":"open","sticky":false,"template":"","format":"standard","meta":{"spay_email":"","jetpack_publicize_message":"","jetpack_is_tweetstorm":false,"jetpack_publicize_feature_enabled":true},"categories":[20],"tags":[],"jetpack_featured_media_url":"","jetpack_publicize_connections":[],"jetpack_sharing_enabled":true,"jetpack_shortlink":"https:\/\/wp.me\/p5H0vD-cO","jetpack-related-posts":[{"id":2111,"url":"http:\/\/www.xaviergalaup.net\/tikopia\/2012\/11\/photo-du-jour-le-7-septembre-2012\/","url_meta":{"origin":794,"position":0},"title":"Photo du jour le 7 septembre 2012","date":"18 novembre 2012","format":false,"excerpt":"Dans ce atmosph\u00e8re de fin d\u2019\u00e9t\u00e9, je regarde mes enfants jouer au loin sur la passerelle, je me sens \u00e9tonnamment calme, je n\u2019ai plus peur pour eux, il y a quelque temps je n\u2019aurais pas support\u00e9 qu\u2019ils soient si loin, qu\u2019ils jouent en hauteur, qu\u2019ils ne m\u2019\u00e9coutent pas, je leur\u2026","rel":"","context":"Dans &quot;fragments d'une histoire&quot;","img":{"alt_text":"","src":"","width":0,"height":0},"classes":[]},{"id":737,"url":"http:\/\/www.xaviergalaup.net\/tikopia\/2007\/10\/micro-fictions-7\/","url_meta":{"origin":794,"position":1},"title":"Micro-fictions","date":"13 octobre 2007","format":false,"excerpt":"1\/ Marcher dans la rue Comme le dit la chanson, je marche seul et anonyme dans cette grande ville. Mes pas appuient sans cesse sur le macadam et je marche au hasard. Les panneaux des rues guident \u00e0 peine mon chemin. C'est dimanche et les passants s'enfuient eux aussi d\u00e9cid\u00e9s\u2026","rel":"","context":"Dans &quot;inspirations diverses&quot;","img":{"alt_text":"","src":"","width":0,"height":0},"classes":[]},{"id":1205,"url":"http:\/\/www.xaviergalaup.net\/tikopia\/2012\/02\/photo-du-jour-10-fevrier-2012\/","url_meta":{"origin":794,"position":2},"title":"Photo du jour 10 f\u00e9vrier 2012","date":"12 f\u00e9vrier 2012","format":false,"excerpt":"de retour de ma journ\u00e9e de travail, je bifurquais sur la jet\u00e9e pour l\u2019ivresse des embruns, pour les reflets du soleil dans l\u2019oc\u00e9an, je m\u2019accoudais sur la rambarde pour \u00e9couter vivre le vent et les jours sans, juste laisser gagner la profondeur du silence en bord de mer, je marchais\u2026","rel":"","context":"Dans &quot;fragments d'une histoire&quot;","img":{"alt_text":"","src":"","width":0,"height":0},"classes":[]},{"id":685,"url":"http:\/\/www.xaviergalaup.net\/tikopia\/2007\/03\/micro-fictions-2\/","url_meta":{"origin":794,"position":3},"title":"micro-fictions","date":"11 mars 2007","format":false,"excerpt":"1\/ Indigestion Dans la joie presque dansante de l'ap\u00e9ritif, je bois et je picore. Je parle et j'\u00e9coute. Les convives virevoltent. Je souris d'aise. Mes pens\u00e9es vagabondent ici ou l\u00e0. Mes yeux parcourent rieur l'assembl\u00e9e. Le soulagement est sensible quand lesf\u00eatards s'attablent. Les conversations se font feutr\u00e9es et intimes. Le\u2026","rel":"","context":"Dans &quot;inspirations diverses&quot;","img":{"alt_text":"","src":"","width":0,"height":0},"classes":[]},{"id":754,"url":"http:\/\/www.xaviergalaup.net\/tikopia\/2008\/02\/psycho\/","url_meta":{"origin":794,"position":4},"title":"Psycho","date":"3 f\u00e9vrier 2008","format":false,"excerpt":"La folie grandit en moi, ces fissures dans mes neurones les spirales encerclent mon air c'est le monde qui est fou toutes ces id\u00e9es \u00e9coeurantes qui s'amoncellent impossible de grandir sans rire des absurdit\u00e9s que j'imagine c'est le monde qui est fou et je suis l'enfant qui d\u00e9truira le mal\u2026","rel":"","context":"Dans &quot;photos&quot;","img":{"alt_text":"","src":"","width":0,"height":0},"classes":[]},{"id":1706,"url":"http:\/\/www.xaviergalaup.net\/tikopia\/2012\/06\/photo-du-jour-le-22-juin-2012-il-y-a-de-lamour-dans-lair\/","url_meta":{"origin":794,"position":5},"title":"Photo du jour le 22 juin 2012: il y a de l&rsquo;amour dans l&rsquo;air","date":"27 juin 2012","format":false,"excerpt":"cette photo est dans l\u2019album de famille et elle me donne le vertige, je suis tr\u00e8s mal \u00e0 l\u2019aise quand je la regarde, je reconnais les lieux, pas le couple, il y a pourtant de l\u2019amour dans l\u2019air, l\u2019idylle est fig\u00e9e \u00e0 jamais dans ce noir et blanc, l\u2019amour est\u2026","rel":"","context":"Dans &quot;fragments d'une histoire&quot;","img":{"alt_text":"","src":"","width":0,"height":0},"classes":[]}],"_links":{"self":[{"href":"http:\/\/www.xaviergalaup.net\/tikopia\/wp-json\/wp\/v2\/posts\/794"}],"collection":[{"href":"http:\/\/www.xaviergalaup.net\/tikopia\/wp-json\/wp\/v2\/posts"}],"about":[{"href":"http:\/\/www.xaviergalaup.net\/tikopia\/wp-json\/wp\/v2\/types\/post"}],"author":[{"embeddable":true,"href":"http:\/\/www.xaviergalaup.net\/tikopia\/wp-json\/wp\/v2\/users\/1"}],"replies":[{"embeddable":true,"href":"http:\/\/www.xaviergalaup.net\/tikopia\/wp-json\/wp\/v2\/comments?post=794"}],"version-history":[{"count":0,"href":"http:\/\/www.xaviergalaup.net\/tikopia\/wp-json\/wp\/v2\/posts\/794\/revisions"}],"wp:attachment":[{"href":"http:\/\/www.xaviergalaup.net\/tikopia\/wp-json\/wp\/v2\/media?parent=794"}],"wp:term":[{"taxonomy":"category","embeddable":true,"href":"http:\/\/www.xaviergalaup.net\/tikopia\/wp-json\/wp\/v2\/categories?post=794"},{"taxonomy":"post_tag","embeddable":true,"href":"http:\/\/www.xaviergalaup.net\/tikopia\/wp-json\/wp\/v2\/tags?post=794"}],"curies":[{"name":"wp","href":"https:\/\/api.w.org\/{rel}","templated":true}]}}