{"id":743,"date":"2007-11-01T17:41:27","date_gmt":"2007-11-01T17:41:27","guid":{"rendered":"http:\/\/tikopia.wordpress.com\/2007\/11\/01\/visage-sombre-et-lumineux\/"},"modified":"2007-11-01T17:41:27","modified_gmt":"2007-11-01T17:41:27","slug":"visage-sombre-et-lumineux","status":"publish","type":"post","link":"http:\/\/www.xaviergalaup.net\/tikopia\/2007\/11\/visage-sombre-et-lumineux\/","title":{"rendered":"Visage sombre et lumineux"},"content":{"rendered":"<p>Longtemps, je ne me suis pas repos\u00e9e<br \/>\nLe visage sto\u00efque dans le labeur et la pri\u00e8re<br \/>\nL&rsquo;espoir qu&rsquo;un jour peut-\u00eatre, je serais cette image<br \/>\nqui \u00e9difie et enseigne la foi \u00e0 tous mes fr\u00e8res et soeurs<br \/>\net un jour, dans un moment d&rsquo;apesanteur et d&rsquo;\u00e9puisement<br \/>\nl&rsquo;\u00e2me et le regard dans le vague<br \/>\nje me suis fossilis\u00e9e de fatigue<\/p>\n<p><span style=\"font-style:italic;\">d&rsquo;apr\u00e8s le photoblog <a href=\"http:\/\/teskografix.aminus3.com\/\" title=\"Photoblog Lucca's Caf\u00e9\" target=\"_blank\">Lucca&rsquo;s Caf\u00e9<\/a>, inspir\u00e9 de la photo <a href=\"http:\/\/teskografix.aminus3.com\/image\/2007-01-05.html\" title=\"Photo Face dark &amp; light\" target=\"_blank\">Face dark&amp;light<\/a><\/span><\/p>\n","protected":false},"excerpt":{"rendered":"<p>Longtemps, je ne me suis pas repos\u00e9e Le visage sto\u00efque dans le labeur et la pri\u00e8re L&rsquo;espoir qu&rsquo;un jour peut-\u00eatre, je serais cette image qui \u00e9difie et enseigne la foi \u00e0 tous mes fr\u00e8res et soeurs et un jour, dans un moment d&rsquo;apesanteur et d&rsquo;\u00e9puisement l&rsquo;\u00e2me et le regard dans le vague je me suis &hellip; <\/p>\n<p class=\"link-more\"><a href=\"http:\/\/www.xaviergalaup.net\/tikopia\/2007\/11\/visage-sombre-et-lumineux\/\" class=\"more-link\">Continuer la lecture<span class=\"screen-reader-text\"> de &laquo;&nbsp;Visage sombre et lumineux&nbsp;&raquo;<\/span><\/a><\/p>\n","protected":false},"author":1,"featured_media":0,"comment_status":"open","ping_status":"open","sticky":false,"template":"","format":"standard","meta":{"spay_email":"","jetpack_publicize_message":"","jetpack_is_tweetstorm":false,"jetpack_publicize_feature_enabled":true},"categories":[19,21,22,23,24,26],"tags":[],"jetpack_featured_media_url":"","jetpack_publicize_connections":[],"jetpack_sharing_enabled":true,"jetpack_shortlink":"https:\/\/wp.me\/p5H0vD-bZ","jetpack-related-posts":[{"id":881,"url":"http:\/\/www.xaviergalaup.net\/tikopia\/2009\/05\/il-suffirait-dattendre\/","url_meta":{"origin":743,"position":0},"title":"Il suffirait d&rsquo;attendre","date":"4 mai 2009","format":false,"excerpt":"Je suis fatigu\u00e9e d'\u00eatre triste, je m'ennuie, je marche dans ce parc tous les jours mais je m'ennuie, je suis seule, je pleure \u00e0 perdre la raison, je cherche peut-\u00eatre l'\u00e2me soeur mais je ne supporte pas la vie \u00e0 deux, je m'ennuie et pourtant la vie bouillonne autour, il\u2026","rel":"","context":"Dans &quot;photos&quot;","img":{"alt_text":"","src":"","width":0,"height":0},"classes":[]},{"id":2169,"url":"http:\/\/www.xaviergalaup.net\/tikopia\/2012\/12\/le-visage-sur-la-pierre\/","url_meta":{"origin":743,"position":1},"title":"le visage sur la pierre","date":"16 d\u00e9cembre 2012","format":false,"excerpt":"Ce visage en pierre ne m\u2019est pas apparu en r\u00eave, j\u2019avais l\u2019impression de le caresser sur ce mur, il lui manquait juste des contours et de la couleur, chaque jour j\u2019h\u00e9sitais, j\u2019avais peur, j\u2019avais peur qu\u2019on se moque, j\u2019avais peur d\u2019attirer l\u2019attention, j\u2019avais aussi peur d\u2019\u00eatre d\u00e9\u00e7u par mon dessin,\u2026","rel":"","context":"Dans &quot;fragments d'une histoire&quot;","img":{"alt_text":"","src":"https:\/\/i0.wp.com\/ssl11.ovh.net\/~xaviergada\/tikopia\/wp-content\/uploads\/2012\/12\/VisageDePierre.jpg?resize=350%2C200&ssl=1","width":350,"height":200},"classes":[]},{"id":2660,"url":"http:\/\/www.xaviergalaup.net\/tikopia\/2019\/10\/je-me-suis-redresse-pour-faire-fuir-les-fantomes\/","url_meta":{"origin":743,"position":2},"title":"Je me suis redress\u00e9 pour faire fuir les fant\u00f4mes","date":"12 octobre 2019","format":false,"excerpt":"Je suis n\u00e9 loin de tout. Je suis n\u00e9 dans le brouillard. J'ai gigot\u00e9 et j'ai souris tr\u00e8s vite. J'ai aim\u00e9 sourire tout le temps. J'ai grandi dans la chaleur. Je bougeais sans cesse. J'ai souris encore et encore. J'ai entendu de nombreux silences et j'ai ri pour les combler.\u2026","rel":"","context":"Dans &quot;atelier f-bon&quot;","img":{"alt_text":"","src":"","width":0,"height":0},"classes":[]},{"id":1706,"url":"http:\/\/www.xaviergalaup.net\/tikopia\/2012\/06\/photo-du-jour-le-22-juin-2012-il-y-a-de-lamour-dans-lair\/","url_meta":{"origin":743,"position":3},"title":"Photo du jour le 22 juin 2012: il y a de l&rsquo;amour dans l&rsquo;air","date":"27 juin 2012","format":false,"excerpt":"cette photo est dans l\u2019album de famille et elle me donne le vertige, je suis tr\u00e8s mal \u00e0 l\u2019aise quand je la regarde, je reconnais les lieux, pas le couple, il y a pourtant de l\u2019amour dans l\u2019air, l\u2019idylle est fig\u00e9e \u00e0 jamais dans ce noir et blanc, l\u2019amour est\u2026","rel":"","context":"Dans &quot;fragments d'une histoire&quot;","img":{"alt_text":"","src":"","width":0,"height":0},"classes":[]},{"id":1239,"url":"http:\/\/www.xaviergalaup.net\/tikopia\/2012\/02\/photo-du-jour-17-fevrier-2012\/","url_meta":{"origin":743,"position":4},"title":"Photo du jour 17 f\u00e9vrier 2012","date":"19 f\u00e9vrier 2012","format":false,"excerpt":"Je veux partir depuis si longtemps, les papiers ne viennent jamais, j\u2019erre dans Moscou, je fais la manche, je squatte chez des amis, ma seule lumi\u00e8re c\u2019est l\u2019appareil photo, il ne me quitte jamais, mon regarde scrute et emmagasine des images par milliers, je l\u2019\u00e9conomise car les pellicules argentiques se\u2026","rel":"","context":"Dans &quot;fragments d'une histoire&quot;","img":{"alt_text":"","src":"","width":0,"height":0},"classes":[]},{"id":1010,"url":"http:\/\/www.xaviergalaup.net\/tikopia\/2010\/12\/sombre\/","url_meta":{"origin":743,"position":5},"title":"Sombre","date":"15 d\u00e9cembre 2010","format":false,"excerpt":"De halo en halo, je marche sans voir une seule ligne d\u2019horizon, je sombre dans ce labyrinthe et le pire est que je ne cherche rien, je marche et j\u2019attends juste le prochain halo de lumi\u00e8re, je n\u2019ai m\u00eame pas l\u2019espoir de trouver la sortie, de respirer \u00e0 nouveau \u00e0\u2026","rel":"","context":"Dans &quot;fragments d'une histoire&quot;","img":{"alt_text":"","src":"","width":0,"height":0},"classes":[]}],"_links":{"self":[{"href":"http:\/\/www.xaviergalaup.net\/tikopia\/wp-json\/wp\/v2\/posts\/743"}],"collection":[{"href":"http:\/\/www.xaviergalaup.net\/tikopia\/wp-json\/wp\/v2\/posts"}],"about":[{"href":"http:\/\/www.xaviergalaup.net\/tikopia\/wp-json\/wp\/v2\/types\/post"}],"author":[{"embeddable":true,"href":"http:\/\/www.xaviergalaup.net\/tikopia\/wp-json\/wp\/v2\/users\/1"}],"replies":[{"embeddable":true,"href":"http:\/\/www.xaviergalaup.net\/tikopia\/wp-json\/wp\/v2\/comments?post=743"}],"version-history":[{"count":0,"href":"http:\/\/www.xaviergalaup.net\/tikopia\/wp-json\/wp\/v2\/posts\/743\/revisions"}],"wp:attachment":[{"href":"http:\/\/www.xaviergalaup.net\/tikopia\/wp-json\/wp\/v2\/media?parent=743"}],"wp:term":[{"taxonomy":"category","embeddable":true,"href":"http:\/\/www.xaviergalaup.net\/tikopia\/wp-json\/wp\/v2\/categories?post=743"},{"taxonomy":"post_tag","embeddable":true,"href":"http:\/\/www.xaviergalaup.net\/tikopia\/wp-json\/wp\/v2\/tags?post=743"}],"curies":[{"name":"wp","href":"https:\/\/api.w.org\/{rel}","templated":true}]}}