{"id":2934,"date":"2021-05-01T16:56:32","date_gmt":"2021-05-01T16:56:32","guid":{"rendered":"http:\/\/www.xaviergalaup.net\/tikopia\/?p=2934"},"modified":"2021-05-01T16:56:32","modified_gmt":"2021-05-01T16:56:32","slug":"leau-emporte-les-mots","status":"publish","type":"post","link":"http:\/\/www.xaviergalaup.net\/tikopia\/2021\/05\/leau-emporte-les-mots\/","title":{"rendered":"l\u2019eau emporte les mots"},"content":{"rendered":"\r\n<p>Il coule un ruisseau <br \/>l\u2019eau emporte les mots <br \/>l\u2019ombre de la parole nage<br \/>tant de tristesse pour les poissons.<br \/><br \/><em>(Hochstatt, Journal des Mots 23 avril 2021)<\/em><\/p>\r\n","protected":false},"excerpt":{"rendered":"<p>Il coule un ruisseau l\u2019eau emporte les mots l\u2019ombre de la parole nagetant de tristesse pour les poissons. (Hochstatt, Journal des Mots 23 avril 2021)<\/p>\n","protected":false},"author":1,"featured_media":0,"comment_status":"open","ping_status":"open","sticky":false,"template":"","format":"standard","meta":{"spay_email":"","jetpack_publicize_message":"l\u2019eau emporte les mots \/ l'ombre de la parole nage (...) #po\u00e9sie #po\u00e8me","jetpack_is_tweetstorm":false,"jetpack_publicize_feature_enabled":true},"categories":[10,21,22,23,24,26],"tags":[],"jetpack_featured_media_url":"","jetpack_publicize_connections":[],"jetpack_sharing_enabled":true,"jetpack_shortlink":"https:\/\/wp.me\/p5H0vD-Lk","jetpack-related-posts":[{"id":2978,"url":"http:\/\/www.xaviergalaup.net\/tikopia\/2025\/05\/les-mots-sont-juste-un-peu-de-clarte\/","url_meta":{"origin":2934,"position":0},"title":"Les mots sont juste un peu de clart\u00e9","date":"10 mai 2025","format":false,"excerpt":"Quand le vent a emport\u00e9 le brouhahales mots sont juste un peu de clart\u00e9 la parole retient un peu la beaut\u00e9 en suspension une derni\u00e8re feuille se d\u00e9tache de l\u2019arbre.(Journal des mots, Evreux, 10 mai 2025)","rel":"","context":"Dans &quot;fragment po\u00e9tique&quot;","img":{"alt_text":"","src":"","width":0,"height":0},"classes":[]},{"id":2299,"url":"http:\/\/www.xaviergalaup.net\/tikopia\/2013\/05\/les-mots-qui-membrassent-comme-une-chanson\/","url_meta":{"origin":2934,"position":1},"title":"les mots qui m&#8217;embrassent comme une chanson","date":"1 mai 2013","format":false,"excerpt":"Sont ronds dans l\u2019eau les mots qui m\u2019embrassent comme un chanson fugaces comme une image si sage qui se regarde dans la glace. (journal des mots n\u00b0150 \/ 13 Avril 2013)","rel":"","context":"Dans &quot;journal des mots&quot;","img":{"alt_text":"","src":"","width":0,"height":0},"classes":[]},{"id":1633,"url":"http:\/\/www.xaviergalaup.net\/tikopia\/2012\/06\/les-mots-manquent-dair\/","url_meta":{"origin":2934,"position":2},"title":"les mots manquent d&rsquo;air","date":"2 juin 2012","format":false,"excerpt":"Vertige des petits crimes quotidiens les mots manquent d\u2019air les mots sont \u00e0 bout les mots ont la tentation de d\u00e9serter nous laissant seuls face \u00e0 nos vilenies. (journal des mots n\u00b088 \/ 23 mai 2012)","rel":"","context":"Dans &quot;journal des mots&quot;","img":{"alt_text":"","src":"","width":0,"height":0},"classes":[]},{"id":1222,"url":"http:\/\/www.xaviergalaup.net\/tikopia\/2012\/02\/les-mots-sont-des-fantomes\/","url_meta":{"origin":2934,"position":3},"title":"les mots sont des fant\u00f4mes","date":"17 f\u00e9vrier 2012","format":false,"excerpt":"Tragiques, farfelus ou d\u00e9lirants les mots sont des fant\u00f4mes les revenants de nos \u00e2mes qui refusent de mourir. (journal des mots n\u00b023, 12 f\u00e9vrier 2012)","rel":"","context":"Dans &quot;journal des mots&quot;","img":{"alt_text":"","src":"","width":0,"height":0},"classes":[]},{"id":1469,"url":"http:\/\/www.xaviergalaup.net\/tikopia\/2012\/04\/les-mots-soufflent\/","url_meta":{"origin":2934,"position":4},"title":"les mots soufflent","date":"13 avril 2012","format":false,"excerpt":"Reprendre son rythme les mots soufflent cette danse jubilatoire entre l\u2019\u00e9motion et la page. (journal des mots n\u00b061 \/ 8 avril 2012)","rel":"","context":"Dans &quot;journal des mots&quot;","img":{"alt_text":"","src":"","width":0,"height":0},"classes":[]},{"id":1321,"url":"http:\/\/www.xaviergalaup.net\/tikopia\/2012\/03\/doux-desordre-des-mots\/","url_meta":{"origin":2934,"position":5},"title":"doux d\u00e9sordre des mots","date":"5 mars 2012","format":false,"excerpt":"Dans un doux d\u00e9sordre les mots se r\u00e9inventent laissant s\u2019\u00e9vaporer les anciens sens. (journal des mots n\u00b038 \/ 2 mars 2012)","rel":"","context":"Dans &quot;journal des mots&quot;","img":{"alt_text":"","src":"","width":0,"height":0},"classes":[]}],"_links":{"self":[{"href":"http:\/\/www.xaviergalaup.net\/tikopia\/wp-json\/wp\/v2\/posts\/2934"}],"collection":[{"href":"http:\/\/www.xaviergalaup.net\/tikopia\/wp-json\/wp\/v2\/posts"}],"about":[{"href":"http:\/\/www.xaviergalaup.net\/tikopia\/wp-json\/wp\/v2\/types\/post"}],"author":[{"embeddable":true,"href":"http:\/\/www.xaviergalaup.net\/tikopia\/wp-json\/wp\/v2\/users\/1"}],"replies":[{"embeddable":true,"href":"http:\/\/www.xaviergalaup.net\/tikopia\/wp-json\/wp\/v2\/comments?post=2934"}],"version-history":[{"count":2,"href":"http:\/\/www.xaviergalaup.net\/tikopia\/wp-json\/wp\/v2\/posts\/2934\/revisions"}],"predecessor-version":[{"id":2939,"href":"http:\/\/www.xaviergalaup.net\/tikopia\/wp-json\/wp\/v2\/posts\/2934\/revisions\/2939"}],"wp:attachment":[{"href":"http:\/\/www.xaviergalaup.net\/tikopia\/wp-json\/wp\/v2\/media?parent=2934"}],"wp:term":[{"taxonomy":"category","embeddable":true,"href":"http:\/\/www.xaviergalaup.net\/tikopia\/wp-json\/wp\/v2\/categories?post=2934"},{"taxonomy":"post_tag","embeddable":true,"href":"http:\/\/www.xaviergalaup.net\/tikopia\/wp-json\/wp\/v2\/tags?post=2934"}],"curies":[{"name":"wp","href":"https:\/\/api.w.org\/{rel}","templated":true}]}}