{"id":2907,"date":"2021-04-15T17:12:14","date_gmt":"2021-04-15T17:12:14","guid":{"rendered":"http:\/\/www.xaviergalaup.net\/tikopia\/?p=2907"},"modified":"2021-04-14T15:16:58","modified_gmt":"2021-04-14T15:16:58","slug":"les-mots-deposent-les-armes","status":"publish","type":"post","link":"http:\/\/www.xaviergalaup.net\/tikopia\/2021\/04\/les-mots-deposent-les-armes\/","title":{"rendered":"les mots d\u00e9posent les armes"},"content":{"rendered":"\r\n<p>Ce miroir qui r\u00e9siste au visage <br \/>les mots d\u00e9posent les armes <br \/>la parole a oubli\u00e9 de faire du charme<br \/>le reflet de nos larmes h\u00e9site \u00e0 bouger.<br \/><br \/><em>(Hochstatt, Journal des Mots 19 mars 2021)<\/em><\/p>\r\n","protected":false},"excerpt":{"rendered":"<p>Ce miroir qui r\u00e9siste au visage les mots d\u00e9posent les armes la parole a oubli\u00e9 de faire du charmele reflet de nos larmes h\u00e9site \u00e0 bouger. (Hochstatt, Journal des Mots 19 mars 2021)<\/p>\n","protected":false},"author":1,"featured_media":0,"comment_status":"open","ping_status":"open","sticky":false,"template":"","format":"standard","meta":{"spay_email":"","jetpack_publicize_message":"les mots d\u00e9posent les armes \/ la parole a oubli\u00e9 de faire du charme #po\u00e9sie #po\u00e8me","jetpack_is_tweetstorm":false,"jetpack_publicize_feature_enabled":true},"categories":[10,21,22,23,24,26],"tags":[],"jetpack_featured_media_url":"","jetpack_publicize_connections":[],"jetpack_sharing_enabled":true,"jetpack_shortlink":"https:\/\/wp.me\/p5H0vD-KT","jetpack-related-posts":[{"id":2900,"url":"http:\/\/www.xaviergalaup.net\/tikopia\/2021\/04\/la-neige-cet-affolement-des-anges\/","url_meta":{"origin":2907,"position":0},"title":"La neige cet affolement des anges","date":"13 avril 2021","format":false,"excerpt":"La neige cet affolement des angesLes mots d\u00e9posent ces quelques flocons dans votre t\u00eatela parole vous all\u00e8ge peut \u00eatre de vos angoisseslaissez donc vos pas r\u00eaver.(Hochstatt, Journal des Mots 13 mars 2021)","rel":"","context":"Dans &quot;journal des mots&quot;","img":{"alt_text":"","src":"","width":0,"height":0},"classes":[]},{"id":1633,"url":"http:\/\/www.xaviergalaup.net\/tikopia\/2012\/06\/les-mots-manquent-dair\/","url_meta":{"origin":2907,"position":1},"title":"les mots manquent d&rsquo;air","date":"2 juin 2012","format":false,"excerpt":"Vertige des petits crimes quotidiens les mots manquent d\u2019air les mots sont \u00e0 bout les mots ont la tentation de d\u00e9serter nous laissant seuls face \u00e0 nos vilenies. (journal des mots n\u00b088 \/ 23 mai 2012)","rel":"","context":"Dans &quot;journal des mots&quot;","img":{"alt_text":"","src":"","width":0,"height":0},"classes":[]},{"id":1222,"url":"http:\/\/www.xaviergalaup.net\/tikopia\/2012\/02\/les-mots-sont-des-fantomes\/","url_meta":{"origin":2907,"position":2},"title":"les mots sont des fant\u00f4mes","date":"17 f\u00e9vrier 2012","format":false,"excerpt":"Tragiques, farfelus ou d\u00e9lirants les mots sont des fant\u00f4mes les revenants de nos \u00e2mes qui refusent de mourir. (journal des mots n\u00b023, 12 f\u00e9vrier 2012)","rel":"","context":"Dans &quot;journal des mots&quot;","img":{"alt_text":"","src":"","width":0,"height":0},"classes":[]},{"id":1469,"url":"http:\/\/www.xaviergalaup.net\/tikopia\/2012\/04\/les-mots-soufflent\/","url_meta":{"origin":2907,"position":3},"title":"les mots soufflent","date":"13 avril 2012","format":false,"excerpt":"Reprendre son rythme les mots soufflent cette danse jubilatoire entre l\u2019\u00e9motion et la page. (journal des mots n\u00b061 \/ 8 avril 2012)","rel":"","context":"Dans &quot;journal des mots&quot;","img":{"alt_text":"","src":"","width":0,"height":0},"classes":[]},{"id":1291,"url":"http:\/\/www.xaviergalaup.net\/tikopia\/2012\/02\/les-mots-ecoeures\/","url_meta":{"origin":2907,"position":4},"title":"les mots \u00e9coeur\u00e9s","date":"29 f\u00e9vrier 2012","format":false,"excerpt":"A force d\u2019\u00eatre m\u00e2ch\u00e9s les mots \u00e9c\u0153ur\u00e9s r\u00e9gurgitent en boudin les id\u00e9es ind\u00e9cises (journal des mots n\u00b033\/ 24 f\u00e9vrier 2012)","rel":"","context":"Dans &quot;journal des mots&quot;","img":{"alt_text":"","src":"","width":0,"height":0},"classes":[]},{"id":1591,"url":"http:\/\/www.xaviergalaup.net\/tikopia\/2012\/05\/les-mots-sont-des-leurres\/","url_meta":{"origin":2907,"position":5},"title":"les mots sont des leurres","date":"21 mai 2012","format":false,"excerpt":"Trop virevoltant, trop sophistiqu\u00e9, trop g\u00e9n\u00e9reux les mots sont des leurres pour habiller de beau la pens\u00e9e des apparences. (journal des mots n\u00b082 \/ 14 mai 2012)","rel":"","context":"Dans &quot;journal des mots&quot;","img":{"alt_text":"","src":"","width":0,"height":0},"classes":[]}],"_links":{"self":[{"href":"http:\/\/www.xaviergalaup.net\/tikopia\/wp-json\/wp\/v2\/posts\/2907"}],"collection":[{"href":"http:\/\/www.xaviergalaup.net\/tikopia\/wp-json\/wp\/v2\/posts"}],"about":[{"href":"http:\/\/www.xaviergalaup.net\/tikopia\/wp-json\/wp\/v2\/types\/post"}],"author":[{"embeddable":true,"href":"http:\/\/www.xaviergalaup.net\/tikopia\/wp-json\/wp\/v2\/users\/1"}],"replies":[{"embeddable":true,"href":"http:\/\/www.xaviergalaup.net\/tikopia\/wp-json\/wp\/v2\/comments?post=2907"}],"version-history":[{"count":3,"href":"http:\/\/www.xaviergalaup.net\/tikopia\/wp-json\/wp\/v2\/posts\/2907\/revisions"}],"predecessor-version":[{"id":2915,"href":"http:\/\/www.xaviergalaup.net\/tikopia\/wp-json\/wp\/v2\/posts\/2907\/revisions\/2915"}],"wp:attachment":[{"href":"http:\/\/www.xaviergalaup.net\/tikopia\/wp-json\/wp\/v2\/media?parent=2907"}],"wp:term":[{"taxonomy":"category","embeddable":true,"href":"http:\/\/www.xaviergalaup.net\/tikopia\/wp-json\/wp\/v2\/categories?post=2907"},{"taxonomy":"post_tag","embeddable":true,"href":"http:\/\/www.xaviergalaup.net\/tikopia\/wp-json\/wp\/v2\/tags?post=2907"}],"curies":[{"name":"wp","href":"https:\/\/api.w.org\/{rel}","templated":true}]}}