{"id":2891,"date":"2021-04-06T15:24:34","date_gmt":"2021-04-06T15:24:34","guid":{"rendered":"http:\/\/www.xaviergalaup.net\/tikopia\/?p=2891"},"modified":"2021-04-06T15:24:34","modified_gmt":"2021-04-06T15:24:34","slug":"la-lune-sabreuve-de-mots","status":"publish","type":"post","link":"http:\/\/www.xaviergalaup.net\/tikopia\/2021\/04\/la-lune-sabreuve-de-mots\/","title":{"rendered":"la Lune s\u2019abreuve de mots"},"content":{"rendered":"\r\n<p>Si loin dans nos r\u00eaves<br \/>la Lune s\u2019abreuve de mots <br \/>la parole s\u2019est \u00e9vanouie d\u2019aise <br \/>\u00e0 quoi bon vouloir s\u2019\u00e9veiller.<br \/><br \/><em>(Hochstatt Journal des Mots, 24 mars 2021)<\/em><\/p>\r\n","protected":false},"excerpt":{"rendered":"<p>Si loin dans nos r\u00eavesla Lune s\u2019abreuve de mots la parole s\u2019est \u00e9vanouie d\u2019aise \u00e0 quoi bon vouloir s\u2019\u00e9veiller. (Hochstatt Journal des Mots, 24 mars 2021)<\/p>\n","protected":false},"author":1,"featured_media":0,"comment_status":"open","ping_status":"open","sticky":false,"template":"","format":"standard","meta":{"spay_email":"","jetpack_publicize_message":"","jetpack_is_tweetstorm":false,"jetpack_publicize_feature_enabled":true},"categories":[10,21,22,23,24,26],"tags":[],"jetpack_featured_media_url":"","jetpack_publicize_connections":[],"jetpack_sharing_enabled":true,"jetpack_shortlink":"https:\/\/wp.me\/p5H0vD-KD","jetpack-related-posts":[{"id":898,"url":"http:\/\/www.xaviergalaup.net\/tikopia\/2009\/05\/trace-en-rouge-6\/","url_meta":{"origin":2891,"position":0},"title":"Trac\u00e9 en rouge &#8211; 6","date":"29 mai 2009","format":false,"excerpt":"(...) qui colle te colle au sol fatigue tout fatigue le mouvement au loin engloutit le cri la musique de mots doux la boue de l\u2019amour pour toi pour ton sourire \u00e0 toi arracher ce sourire pour moi effacer la musique non les mots qui ne voulaient pas non c\u2019est\u2026","rel":"","context":"Dans &quot;Po\u00e9sie&quot;","img":{"alt_text":"","src":"","width":0,"height":0},"classes":[]},{"id":1633,"url":"http:\/\/www.xaviergalaup.net\/tikopia\/2012\/06\/les-mots-manquent-dair\/","url_meta":{"origin":2891,"position":1},"title":"les mots manquent d&rsquo;air","date":"2 juin 2012","format":false,"excerpt":"Vertige des petits crimes quotidiens les mots manquent d\u2019air les mots sont \u00e0 bout les mots ont la tentation de d\u00e9serter nous laissant seuls face \u00e0 nos vilenies. (journal des mots n\u00b088 \/ 23 mai 2012)","rel":"","context":"Dans &quot;journal des mots&quot;","img":{"alt_text":"","src":"","width":0,"height":0},"classes":[]},{"id":1321,"url":"http:\/\/www.xaviergalaup.net\/tikopia\/2012\/03\/doux-desordre-des-mots\/","url_meta":{"origin":2891,"position":2},"title":"doux d\u00e9sordre des mots","date":"5 mars 2012","format":false,"excerpt":"Dans un doux d\u00e9sordre les mots se r\u00e9inventent laissant s\u2019\u00e9vaporer les anciens sens. (journal des mots n\u00b038 \/ 2 mars 2012)","rel":"","context":"Dans &quot;journal des mots&quot;","img":{"alt_text":"","src":"","width":0,"height":0},"classes":[]},{"id":1469,"url":"http:\/\/www.xaviergalaup.net\/tikopia\/2012\/04\/les-mots-soufflent\/","url_meta":{"origin":2891,"position":3},"title":"les mots soufflent","date":"13 avril 2012","format":false,"excerpt":"Reprendre son rythme les mots soufflent cette danse jubilatoire entre l\u2019\u00e9motion et la page. (journal des mots n\u00b061 \/ 8 avril 2012)","rel":"","context":"Dans &quot;journal des mots&quot;","img":{"alt_text":"","src":"","width":0,"height":0},"classes":[]},{"id":1591,"url":"http:\/\/www.xaviergalaup.net\/tikopia\/2012\/05\/les-mots-sont-des-leurres\/","url_meta":{"origin":2891,"position":4},"title":"les mots sont des leurres","date":"21 mai 2012","format":false,"excerpt":"Trop virevoltant, trop sophistiqu\u00e9, trop g\u00e9n\u00e9reux les mots sont des leurres pour habiller de beau la pens\u00e9e des apparences. (journal des mots n\u00b082 \/ 14 mai 2012)","rel":"","context":"Dans &quot;journal des mots&quot;","img":{"alt_text":"","src":"","width":0,"height":0},"classes":[]},{"id":1222,"url":"http:\/\/www.xaviergalaup.net\/tikopia\/2012\/02\/les-mots-sont-des-fantomes\/","url_meta":{"origin":2891,"position":5},"title":"les mots sont des fant\u00f4mes","date":"17 f\u00e9vrier 2012","format":false,"excerpt":"Tragiques, farfelus ou d\u00e9lirants les mots sont des fant\u00f4mes les revenants de nos \u00e2mes qui refusent de mourir. (journal des mots n\u00b023, 12 f\u00e9vrier 2012)","rel":"","context":"Dans &quot;journal des mots&quot;","img":{"alt_text":"","src":"","width":0,"height":0},"classes":[]}],"_links":{"self":[{"href":"http:\/\/www.xaviergalaup.net\/tikopia\/wp-json\/wp\/v2\/posts\/2891"}],"collection":[{"href":"http:\/\/www.xaviergalaup.net\/tikopia\/wp-json\/wp\/v2\/posts"}],"about":[{"href":"http:\/\/www.xaviergalaup.net\/tikopia\/wp-json\/wp\/v2\/types\/post"}],"author":[{"embeddable":true,"href":"http:\/\/www.xaviergalaup.net\/tikopia\/wp-json\/wp\/v2\/users\/1"}],"replies":[{"embeddable":true,"href":"http:\/\/www.xaviergalaup.net\/tikopia\/wp-json\/wp\/v2\/comments?post=2891"}],"version-history":[{"count":2,"href":"http:\/\/www.xaviergalaup.net\/tikopia\/wp-json\/wp\/v2\/posts\/2891\/revisions"}],"predecessor-version":[{"id":2894,"href":"http:\/\/www.xaviergalaup.net\/tikopia\/wp-json\/wp\/v2\/posts\/2891\/revisions\/2894"}],"wp:attachment":[{"href":"http:\/\/www.xaviergalaup.net\/tikopia\/wp-json\/wp\/v2\/media?parent=2891"}],"wp:term":[{"taxonomy":"category","embeddable":true,"href":"http:\/\/www.xaviergalaup.net\/tikopia\/wp-json\/wp\/v2\/categories?post=2891"},{"taxonomy":"post_tag","embeddable":true,"href":"http:\/\/www.xaviergalaup.net\/tikopia\/wp-json\/wp\/v2\/tags?post=2891"}],"curies":[{"name":"wp","href":"https:\/\/api.w.org\/{rel}","templated":true}]}}