{"id":2539,"date":"2016-11-06T18:08:00","date_gmt":"2016-11-06T18:08:00","guid":{"rendered":"http:\/\/www.xaviergalaup.net\/tikopia\/2016\/11\/les-mots-eclaboussent-le-temps\/"},"modified":"2016-11-06T18:08:00","modified_gmt":"2016-11-06T18:08:00","slug":"les-mots-eclaboussent-le-temps","status":"publish","type":"post","link":"http:\/\/www.xaviergalaup.net\/tikopia\/2016\/11\/les-mots-eclaboussent-le-temps\/","title":{"rendered":"les mots \u00e9claboussent le temps"},"content":{"rendered":"<p>Danse qui vacille<br \/>\nles mots \u00e9claboussent le temps<br \/>\nqui s&rsquo;arr\u00eate sur ta peau<br \/>\nse laisser fr\u00f4ler par un rire.<br \/>\n<i><br \/>\n(journal des mots 6 novembre 2016)<\/i><\/p>\n","protected":false},"excerpt":{"rendered":"<p>Danse qui vacille les mots \u00e9claboussent le temps qui s&rsquo;arr\u00eate sur ta peau se laisser fr\u00f4ler par un rire. (journal des mots 6 novembre 2016)<\/p>\n","protected":false},"author":1,"featured_media":0,"comment_status":"open","ping_status":"open","sticky":false,"template":"","format":"standard","meta":{"spay_email":"","jetpack_publicize_message":"","jetpack_is_tweetstorm":false,"jetpack_publicize_feature_enabled":true},"categories":[10,21,22,23,24,26],"tags":[],"jetpack_featured_media_url":"","jetpack_publicize_connections":[],"jetpack_sharing_enabled":true,"jetpack_shortlink":"https:\/\/wp.me\/p5H0vD-EX","jetpack-related-posts":[{"id":1727,"url":"http:\/\/www.xaviergalaup.net\/tikopia\/2012\/07\/les-mots-senvolent-dans-lair-du-temps\/","url_meta":{"origin":2539,"position":0},"title":"les mots s&rsquo;envolent dans l&rsquo;air du temps","date":"8 juillet 2012","format":false,"excerpt":"Telles des bulles de savon, les mots s\u2019envolent dans l\u2019air du temps ils attendent le stylo qui d\u00e9chirera l\u2019h\u00e9sitation. (journal des mots n\u00b0104 \/ 24 juin 2012)","rel":"","context":"Dans &quot;journal des mots&quot;","img":{"alt_text":"","src":"","width":0,"height":0},"classes":[]},{"id":2328,"url":"http:\/\/www.xaviergalaup.net\/tikopia\/2013\/06\/les-mots-sous-le-vent\/","url_meta":{"origin":2539,"position":1},"title":"les mots sous le vent","date":"16 juin 2013","format":false,"excerpt":"Les mots sous le vent sont les lambeaux de l\u2019ange ce souffle qui habite l\u2019\u00e9cume du temps celle qui ne sait rien des courants d\u2019air (journal des mots n\u00b0155 \/ 8 mai 2013)","rel":"","context":"Dans &quot;journal des mots&quot;","img":{"alt_text":"","src":"","width":0,"height":0},"classes":[]},{"id":2128,"url":"http:\/\/www.xaviergalaup.net\/tikopia\/2012\/11\/les-mots-ont-le-gout-du-temps\/","url_meta":{"origin":2539,"position":2},"title":"les mots ont le go\u00fbt du temps","date":"28 novembre 2012","format":false,"excerpt":"L\u00e0-bas pos\u00e9s sur une feuille d\u2019automne Les mots ont le go\u00fbt du temps celui qui d\u00e9sagr\u00e8ge toutes les certitudes permettant au po\u00e8te de sauter dans le vide. (journal des mots n\u00b0128 \/ 14 octobre 2012)","rel":"","context":"Dans &quot;journal des mots&quot;","img":{"alt_text":"","src":"","width":0,"height":0},"classes":[]},{"id":2419,"url":"http:\/\/www.xaviergalaup.net\/tikopia\/2014\/03\/les-mots-cherchent-comme-un-parfum\/","url_meta":{"origin":2539,"position":3},"title":"les mots cherchent comme un parfum","date":"9 mars 2014","format":false,"excerpt":"Dans l\u2019or du temps les mots cherchent comme un parfum qui arr\u00eaterait l\u2019\u00e9ternit\u00e9. (journal des mots n\u00b0174 \/ 4 ao\u00fbt 2013)","rel":"","context":"Dans &quot;journal des mots&quot;","img":{"alt_text":"","src":"","width":0,"height":0},"classes":[]},{"id":1243,"url":"http:\/\/www.xaviergalaup.net\/tikopia\/2012\/02\/emietter-nos-reves\/","url_meta":{"origin":2539,"position":4},"title":"\u00e9mietter nos r\u00eaves","date":"19 f\u00e9vrier 2012","format":false,"excerpt":"Se r\u00e9fugier dans le temps qui passe \u00e9couter les mots tristes, joyeux, banals, \u00e9mietter nos r\u00eaves en dr\u00f4les d\u2019histoires (journal des mots n\u00b024, 13 f\u00e9vrier 2012)","rel":"","context":"Dans &quot;journal des mots&quot;","img":{"alt_text":"","src":"","width":0,"height":0},"classes":[]},{"id":1070,"url":"http:\/\/www.xaviergalaup.net\/tikopia\/2012\/01\/enlacer-le-grain-des-mots\/","url_meta":{"origin":2539,"position":5},"title":"enlacer le grain des mots","date":"3 janvier 2012","format":false,"excerpt":"vous qui habitez le temps vous qui habitez le vent vous qui habitez le lent enlacer le grain des mots (journal des mots, 2)","rel":"","context":"Dans &quot;journal des mots&quot;","img":{"alt_text":"","src":"","width":0,"height":0},"classes":[]}],"_links":{"self":[{"href":"http:\/\/www.xaviergalaup.net\/tikopia\/wp-json\/wp\/v2\/posts\/2539"}],"collection":[{"href":"http:\/\/www.xaviergalaup.net\/tikopia\/wp-json\/wp\/v2\/posts"}],"about":[{"href":"http:\/\/www.xaviergalaup.net\/tikopia\/wp-json\/wp\/v2\/types\/post"}],"author":[{"embeddable":true,"href":"http:\/\/www.xaviergalaup.net\/tikopia\/wp-json\/wp\/v2\/users\/1"}],"replies":[{"embeddable":true,"href":"http:\/\/www.xaviergalaup.net\/tikopia\/wp-json\/wp\/v2\/comments?post=2539"}],"version-history":[{"count":0,"href":"http:\/\/www.xaviergalaup.net\/tikopia\/wp-json\/wp\/v2\/posts\/2539\/revisions"}],"wp:attachment":[{"href":"http:\/\/www.xaviergalaup.net\/tikopia\/wp-json\/wp\/v2\/media?parent=2539"}],"wp:term":[{"taxonomy":"category","embeddable":true,"href":"http:\/\/www.xaviergalaup.net\/tikopia\/wp-json\/wp\/v2\/categories?post=2539"},{"taxonomy":"post_tag","embeddable":true,"href":"http:\/\/www.xaviergalaup.net\/tikopia\/wp-json\/wp\/v2\/tags?post=2539"}],"curies":[{"name":"wp","href":"https:\/\/api.w.org\/{rel}","templated":true}]}}