{"id":2536,"date":"2016-09-19T08:12:03","date_gmt":"2016-09-19T08:12:03","guid":{"rendered":"http:\/\/www.xaviergalaup.net\/tikopia\/?p=2536"},"modified":"2016-09-18T08:12:23","modified_gmt":"2016-09-18T08:12:23","slug":"les-mots-etranglent-parfois-le-sens","status":"publish","type":"post","link":"http:\/\/www.xaviergalaup.net\/tikopia\/2016\/09\/les-mots-etranglent-parfois-le-sens\/","title":{"rendered":"les mots \u00e9tranglent parfois le sens"},"content":{"rendered":"<p>M\u00e9canique \u00e9trange<br \/>\nLes mots \u00e9tranglent parfois le sens<br \/>\nProvoquant une catastrophe<br \/>\nsur le corps tremblant des innocents.<\/p>\n<p><em>(journal des mots 17 janvier 2016)<\/em><\/p>\n","protected":false},"excerpt":{"rendered":"<p>M\u00e9canique \u00e9trange Les mots \u00e9tranglent parfois le sens Provoquant une catastrophe sur le corps tremblant des innocents. (journal des mots 17 janvier 2016)<\/p>\n","protected":false},"author":1,"featured_media":0,"comment_status":"open","ping_status":"open","sticky":false,"template":"","format":"standard","meta":{"spay_email":"","jetpack_publicize_message":"","jetpack_is_tweetstorm":false,"jetpack_publicize_feature_enabled":true},"categories":[10,21,22,23,24,26],"tags":[],"jetpack_featured_media_url":"","jetpack_publicize_connections":[],"jetpack_sharing_enabled":true,"jetpack_shortlink":"https:\/\/wp.me\/p5H0vD-EU","jetpack-related-posts":[{"id":1314,"url":"http:\/\/www.xaviergalaup.net\/tikopia\/2012\/03\/respirer-les-mots\/","url_meta":{"origin":2536,"position":0},"title":"respirer les mots","date":"4 mars 2012","format":false,"excerpt":"Parfois sans raison les mots cessent de respirer sans jamais s\u2019asphyxier ils perdent alors tout leur sens (journal des mots n\u00b037 \/ 1er mars 2012)","rel":"","context":"Dans &quot;journal des mots&quot;","img":{"alt_text":"","src":"","width":0,"height":0},"classes":[]},{"id":1321,"url":"http:\/\/www.xaviergalaup.net\/tikopia\/2012\/03\/doux-desordre-des-mots\/","url_meta":{"origin":2536,"position":1},"title":"doux d\u00e9sordre des mots","date":"5 mars 2012","format":false,"excerpt":"Dans un doux d\u00e9sordre les mots se r\u00e9inventent laissant s\u2019\u00e9vaporer les anciens sens. (journal des mots n\u00b038 \/ 2 mars 2012)","rel":"","context":"Dans &quot;journal des mots&quot;","img":{"alt_text":"","src":"","width":0,"height":0},"classes":[]},{"id":1097,"url":"http:\/\/www.xaviergalaup.net\/tikopia\/2012\/01\/mots-en-chateau-de-sable\/","url_meta":{"origin":2536,"position":2},"title":"mots en ch\u00e2teau de sable","date":"22 janvier 2012","format":false,"excerpt":"m\u00eame si on cherche en soi les mots deviennent parfois des ch\u00e2teaux de sable impuissant \u00e0 changer la r\u00e9alit\u00e9 qui se d\u00e9lite (journal des mots n\u00b09, 19 janvier 2012)","rel":"","context":"Dans &quot;journal des mots&quot;","img":{"alt_text":"","src":"","width":0,"height":0},"classes":[]},{"id":2035,"url":"http:\/\/www.xaviergalaup.net\/tikopia\/2012\/09\/les-mots-en-desequilibre-ne-savent-plus\/","url_meta":{"origin":2536,"position":3},"title":"les mots en d\u00e9s\u00e9quilibre ne savent plus","date":"27 septembre 2012","format":false,"excerpt":"Tourbillons d\u2019oiseaux angoiss\u00e9s les mots en d\u00e9s\u00e9quilibre ne savent plus comprendre le gris la nuance des sens effleur\u00e9e. (journal des mots n\u00b0116 \/ 23 ao\u00fbt 2012)","rel":"","context":"Dans &quot;journal des mots&quot;","img":{"alt_text":"","src":"","width":0,"height":0},"classes":[]},{"id":2239,"url":"http:\/\/www.xaviergalaup.net\/tikopia\/2013\/03\/dans-limmobilite-des-mots\/","url_meta":{"origin":2536,"position":4},"title":"dans l&rsquo;immobilit\u00e9 des mots","date":"29 mars 2013","format":false,"excerpt":"Dans l\u2019immobilit\u00e9 des mots il y a l\u2019immensit\u00e9 de la neige les sens saignent sous l\u2019effet du vent cette effervescence froide des doutes. (journal des mots n\u00b0141 \/ 2 d\u00e9cembre 2012)","rel":"","context":"Dans &quot;journal des mots&quot;","img":{"alt_text":"","src":"","width":0,"height":0},"classes":[]},{"id":1164,"url":"http:\/\/www.xaviergalaup.net\/tikopia\/2012\/02\/leffervescence-des-mots\/","url_meta":{"origin":2536,"position":5},"title":"l&rsquo;effervescence des mots","date":"6 f\u00e9vrier 2012","format":false,"excerpt":"Dans le coeur des flocons se cache l\u2019effervescence des mots que le po\u00e8te capte parfois avec son regard d\u00e9licat (journal des mots n\u00b016, 30 janvier 2012)","rel":"","context":"Dans &quot;journal des mots&quot;","img":{"alt_text":"","src":"","width":0,"height":0},"classes":[]}],"_links":{"self":[{"href":"http:\/\/www.xaviergalaup.net\/tikopia\/wp-json\/wp\/v2\/posts\/2536"}],"collection":[{"href":"http:\/\/www.xaviergalaup.net\/tikopia\/wp-json\/wp\/v2\/posts"}],"about":[{"href":"http:\/\/www.xaviergalaup.net\/tikopia\/wp-json\/wp\/v2\/types\/post"}],"author":[{"embeddable":true,"href":"http:\/\/www.xaviergalaup.net\/tikopia\/wp-json\/wp\/v2\/users\/1"}],"replies":[{"embeddable":true,"href":"http:\/\/www.xaviergalaup.net\/tikopia\/wp-json\/wp\/v2\/comments?post=2536"}],"version-history":[{"count":1,"href":"http:\/\/www.xaviergalaup.net\/tikopia\/wp-json\/wp\/v2\/posts\/2536\/revisions"}],"predecessor-version":[{"id":2537,"href":"http:\/\/www.xaviergalaup.net\/tikopia\/wp-json\/wp\/v2\/posts\/2536\/revisions\/2537"}],"wp:attachment":[{"href":"http:\/\/www.xaviergalaup.net\/tikopia\/wp-json\/wp\/v2\/media?parent=2536"}],"wp:term":[{"taxonomy":"category","embeddable":true,"href":"http:\/\/www.xaviergalaup.net\/tikopia\/wp-json\/wp\/v2\/categories?post=2536"},{"taxonomy":"post_tag","embeddable":true,"href":"http:\/\/www.xaviergalaup.net\/tikopia\/wp-json\/wp\/v2\/tags?post=2536"}],"curies":[{"name":"wp","href":"https:\/\/api.w.org\/{rel}","templated":true}]}}