{"id":2534,"date":"2016-09-18T07:45:44","date_gmt":"2016-09-18T07:45:44","guid":{"rendered":"http:\/\/www.xaviergalaup.net\/tikopia\/?p=2534"},"modified":"2016-09-18T07:45:44","modified_gmt":"2016-09-18T07:45:44","slug":"que-les-mots-nous-rendent-la-lumiere","status":"publish","type":"post","link":"http:\/\/www.xaviergalaup.net\/tikopia\/2016\/09\/que-les-mots-nous-rendent-la-lumiere\/","title":{"rendered":"Que les mots nous rendent la lumi\u00e8re"},"content":{"rendered":"<p>Que les mots nous rendent la lumi\u00e8re<br \/>\npour ces instants fragiles<br \/>\ncroquer la vie<br \/>\n\u00e0 deux doigts de l&rsquo;infini.<\/p>\n<p><em>(Journal des mots, 24 janvier 2016)<\/em><\/p>\n","protected":false},"excerpt":{"rendered":"<p>Que les mots nous rendent la lumi\u00e8re pour ces instants fragiles croquer la vie \u00e0 deux doigts de l&rsquo;infini. (Journal des mots, 24 janvier 2016)<\/p>\n","protected":false},"author":1,"featured_media":0,"comment_status":"open","ping_status":"open","sticky":false,"template":"","format":"standard","meta":{"spay_email":"","jetpack_publicize_message":"","jetpack_is_tweetstorm":false,"jetpack_publicize_feature_enabled":true},"categories":[10,21,22,23,24,26],"tags":[],"jetpack_featured_media_url":"","jetpack_publicize_connections":[],"jetpack_sharing_enabled":true,"jetpack_shortlink":"https:\/\/wp.me\/p5H0vD-ES","jetpack-related-posts":[{"id":2503,"url":"http:\/\/www.xaviergalaup.net\/tikopia\/2015\/10\/crier-les-mots-fous\/","url_meta":{"origin":2534,"position":0},"title":"crier les mots fous","date":"12 octobre 2015","format":false,"excerpt":"Ne pas attendre l\u2019h\u00e9catombe crier les mots fous qui rendent heureux les \u00e2mes simples. (journal des mots n\u00b0196 \/ 22 f\u00e9vrier 2015)","rel":"","context":"Dans &quot;journal des mots&quot;","img":{"alt_text":"","src":"","width":0,"height":0},"classes":[]},{"id":2234,"url":"http:\/\/www.xaviergalaup.net\/tikopia\/2013\/03\/les-mots-cachent-precieusement-leur-petit-lumiere\/","url_meta":{"origin":2534,"position":1},"title":"les mots cachent pr\u00e9cieusement leur petit lumi\u00e8re","date":"17 mars 2013","format":false,"excerpt":"Les mots cachent pr\u00e9cieusement leur petite lumi\u00e8re ce d\u00e9lire in\u00e9dit qui na\u00eet du choc et le coup porte net au plexus du lecteur comme le tourbillon immobile. (journal des mots n\u00b0140 \/ 30 novembre 2012)","rel":"","context":"Dans &quot;journal des mots&quot;","img":{"alt_text":"","src":"","width":0,"height":0},"classes":[]},{"id":1714,"url":"http:\/\/www.xaviergalaup.net\/tikopia\/2012\/07\/allumer-la-lumiere-des-mots\/","url_meta":{"origin":2534,"position":2},"title":"allumer la lumi\u00e8re des mots","date":"2 juillet 2012","format":false,"excerpt":"Sur un paysage atone allumer la lumi\u00e8re des mots qui griffe en profondeur cette douceur des possibles (journal des mots n\u00b0103 \/ 22 juin 2012)","rel":"","context":"Dans &quot;journal des mots&quot;","img":{"alt_text":"","src":"","width":0,"height":0},"classes":[]},{"id":2547,"url":"http:\/\/www.xaviergalaup.net\/tikopia\/2019\/03\/les-mots-sont-une-presence\/","url_meta":{"origin":2534,"position":3},"title":"Les mots sont une pr\u00e9sence","date":"17 mars 2019","format":false,"excerpt":"\u00c9clats de voix lointaines les mots sont une pr\u00e9sence plus qu\u2019un \u00e9cho moins qu\u2019un souffle demeure nuit et lumi\u00e8re. (Journal des mots 13 mars 2019)","rel":"","context":"Dans &quot;journal des mots&quot;","img":{"alt_text":"","src":"","width":0,"height":0},"classes":[]},{"id":2575,"url":"http:\/\/www.xaviergalaup.net\/tikopia\/2019\/04\/les-mots-ces-lignes-de-fuite\/","url_meta":{"origin":2534,"position":4},"title":"les mots ces lignes de fuite","date":"21 avril 2019","format":false,"excerpt":"Ebloui par la nuitles mots ces lignes de fuitequi dessinent la lumi\u00e8re de ton corpspas si absent.(Journal des mots 19 avril 2019)","rel":"","context":"Dans &quot;fragment po\u00e9tique&quot;","img":{"alt_text":"","src":"","width":0,"height":0},"classes":[]},{"id":2348,"url":"http:\/\/www.xaviergalaup.net\/tikopia\/2013\/06\/les-mots-sont-des-revenants\/","url_meta":{"origin":2534,"position":5},"title":"les mots sont des revenants","date":"27 juin 2013","format":false,"excerpt":"les mots sont des revenants qui nous font croire que tout sera comme avant alors qu\u2019ils nous transforment par tra\u00eetrise. (journal des mots n\u00b0160 \/ 20 mai 2013)","rel":"","context":"Dans &quot;journal des mots&quot;","img":{"alt_text":"","src":"","width":0,"height":0},"classes":[]}],"_links":{"self":[{"href":"http:\/\/www.xaviergalaup.net\/tikopia\/wp-json\/wp\/v2\/posts\/2534"}],"collection":[{"href":"http:\/\/www.xaviergalaup.net\/tikopia\/wp-json\/wp\/v2\/posts"}],"about":[{"href":"http:\/\/www.xaviergalaup.net\/tikopia\/wp-json\/wp\/v2\/types\/post"}],"author":[{"embeddable":true,"href":"http:\/\/www.xaviergalaup.net\/tikopia\/wp-json\/wp\/v2\/users\/1"}],"replies":[{"embeddable":true,"href":"http:\/\/www.xaviergalaup.net\/tikopia\/wp-json\/wp\/v2\/comments?post=2534"}],"version-history":[{"count":1,"href":"http:\/\/www.xaviergalaup.net\/tikopia\/wp-json\/wp\/v2\/posts\/2534\/revisions"}],"predecessor-version":[{"id":2535,"href":"http:\/\/www.xaviergalaup.net\/tikopia\/wp-json\/wp\/v2\/posts\/2534\/revisions\/2535"}],"wp:attachment":[{"href":"http:\/\/www.xaviergalaup.net\/tikopia\/wp-json\/wp\/v2\/media?parent=2534"}],"wp:term":[{"taxonomy":"category","embeddable":true,"href":"http:\/\/www.xaviergalaup.net\/tikopia\/wp-json\/wp\/v2\/categories?post=2534"},{"taxonomy":"post_tag","embeddable":true,"href":"http:\/\/www.xaviergalaup.net\/tikopia\/wp-json\/wp\/v2\/tags?post=2534"}],"curies":[{"name":"wp","href":"https:\/\/api.w.org\/{rel}","templated":true}]}}