{"id":2531,"date":"2016-03-28T15:12:12","date_gmt":"2016-03-28T15:12:12","guid":{"rendered":"http:\/\/www.xaviergalaup.net\/tikopia\/?p=2531"},"modified":"2016-03-28T15:12:12","modified_gmt":"2016-03-28T15:12:12","slug":"les-mots-virevoltent-dans-la-tempete","status":"publish","type":"post","link":"http:\/\/www.xaviergalaup.net\/tikopia\/2016\/03\/les-mots-virevoltent-dans-la-tempete\/","title":{"rendered":"les mots virevoltent dans la temp\u00eate"},"content":{"rendered":"<p>Accrocher \u00e0 un brin d&rsquo;herbe<br \/>\nLes mots virevoltent dans la temp\u00eate<br \/>\ns&rsquo;appr\u00eatant \u00e0 tatouer nos c\u0153urs<br \/>\nd&rsquo;une beaut\u00e9 l\u00e9g\u00e8re.<\/p>\n<p><em>(Journal des mots 28 mars 2016)<\/em><\/p>\n","protected":false},"excerpt":{"rendered":"<p>Accrocher \u00e0 un brin d&rsquo;herbe Les mots virevoltent dans la temp\u00eate s&rsquo;appr\u00eatant \u00e0 tatouer nos c\u0153urs d&rsquo;une beaut\u00e9 l\u00e9g\u00e8re. (Journal des mots 28 mars 2016)<\/p>\n","protected":false},"author":1,"featured_media":0,"comment_status":"open","ping_status":"open","sticky":false,"template":"","format":"standard","meta":{"spay_email":"","jetpack_publicize_message":"","jetpack_is_tweetstorm":false,"jetpack_publicize_feature_enabled":true},"categories":[10,21,22,23,24,26],"tags":[],"jetpack_featured_media_url":"","jetpack_publicize_connections":[],"jetpack_sharing_enabled":true,"jetpack_shortlink":"https:\/\/wp.me\/p5H0vD-EP","jetpack-related-posts":[{"id":2455,"url":"http:\/\/www.xaviergalaup.net\/tikopia\/2014\/09\/les-mots-setouffent-dans-la-tempete\/","url_meta":{"origin":2531,"position":0},"title":"les mots s&rsquo;\u00e9touffent dans la temp\u00eate","date":"6 septembre 2014","format":false,"excerpt":"Telle une \u00e9pave errante les mots s'\u00e9touffent dans la temp\u00eate et les fous n'ont plus de rep\u00e8res ils n'entendent plus les phrases qui, jusque-l\u00e0, les guidaient hors d'eux. (journal des mots n\u00b0184 \/ 2 f\u00e9vrier 2014)","rel":"","context":"Dans &quot;journal des mots&quot;","img":{"alt_text":"","src":"","width":0,"height":0},"classes":[]},{"id":1023,"url":"http:\/\/www.xaviergalaup.net\/tikopia\/2011\/01\/ma-vie-en-morceaux-la-tempete-de-mots\/","url_meta":{"origin":2531,"position":1},"title":"Ma vie en morceaux, la temp\u00eate de mots","date":"29 janvier 2011","format":false,"excerpt":"La temp\u00eate de mots est pire qu\u2019une chaise cass\u00e9e. La litanie des reproches n\u2019a pu qu\u2019exploser en tonnerre de rupture. Les mille brisures de notre vie imparfaite ne m\u00e9ritaient plus d\u2019\u00eatre recoll\u00e9es. Et quand le silence douloureux passe pour de l\u2019acquiescement, nul mot ou nul geste n\u2019y pourra rien changer.\u2026","rel":"","context":"Dans &quot;micro-fictions&quot;","img":{"alt_text":"","src":"","width":0,"height":0},"classes":[]},{"id":1185,"url":"http:\/\/www.xaviergalaup.net\/tikopia\/2012\/02\/ne-pas-segarer-dans-la-folie-des-mots\/","url_meta":{"origin":2531,"position":2},"title":"ne pas s&rsquo;egarer dans la folie des mots","date":"10 f\u00e9vrier 2012","format":false,"excerpt":"Ne pas s\u2019\u00e9garer dans la folie Collectionner joyeusement les mots les assembler \u00e0 voix haute et souffler les vers sur la page (journal des mots, n\u00b019\/ 7 f\u00e9vrier 2012)","rel":"","context":"Dans &quot;journal des mots&quot;","img":{"alt_text":"","src":"","width":0,"height":0},"classes":[]},{"id":1321,"url":"http:\/\/www.xaviergalaup.net\/tikopia\/2012\/03\/doux-desordre-des-mots\/","url_meta":{"origin":2531,"position":3},"title":"doux d\u00e9sordre des mots","date":"5 mars 2012","format":false,"excerpt":"Dans un doux d\u00e9sordre les mots se r\u00e9inventent laissant s\u2019\u00e9vaporer les anciens sens. (journal des mots n\u00b038 \/ 2 mars 2012)","rel":"","context":"Dans &quot;journal des mots&quot;","img":{"alt_text":"","src":"","width":0,"height":0},"classes":[]},{"id":1727,"url":"http:\/\/www.xaviergalaup.net\/tikopia\/2012\/07\/les-mots-senvolent-dans-lair-du-temps\/","url_meta":{"origin":2531,"position":4},"title":"les mots s&rsquo;envolent dans l&rsquo;air du temps","date":"8 juillet 2012","format":false,"excerpt":"Telles des bulles de savon, les mots s\u2019envolent dans l\u2019air du temps ils attendent le stylo qui d\u00e9chirera l\u2019h\u00e9sitation. (journal des mots n\u00b0104 \/ 24 juin 2012)","rel":"","context":"Dans &quot;journal des mots&quot;","img":{"alt_text":"","src":"","width":0,"height":0},"classes":[]},{"id":2239,"url":"http:\/\/www.xaviergalaup.net\/tikopia\/2013\/03\/dans-limmobilite-des-mots\/","url_meta":{"origin":2531,"position":5},"title":"dans l&rsquo;immobilit\u00e9 des mots","date":"29 mars 2013","format":false,"excerpt":"Dans l\u2019immobilit\u00e9 des mots il y a l\u2019immensit\u00e9 de la neige les sens saignent sous l\u2019effet du vent cette effervescence froide des doutes. (journal des mots n\u00b0141 \/ 2 d\u00e9cembre 2012)","rel":"","context":"Dans &quot;journal des mots&quot;","img":{"alt_text":"","src":"","width":0,"height":0},"classes":[]}],"_links":{"self":[{"href":"http:\/\/www.xaviergalaup.net\/tikopia\/wp-json\/wp\/v2\/posts\/2531"}],"collection":[{"href":"http:\/\/www.xaviergalaup.net\/tikopia\/wp-json\/wp\/v2\/posts"}],"about":[{"href":"http:\/\/www.xaviergalaup.net\/tikopia\/wp-json\/wp\/v2\/types\/post"}],"author":[{"embeddable":true,"href":"http:\/\/www.xaviergalaup.net\/tikopia\/wp-json\/wp\/v2\/users\/1"}],"replies":[{"embeddable":true,"href":"http:\/\/www.xaviergalaup.net\/tikopia\/wp-json\/wp\/v2\/comments?post=2531"}],"version-history":[{"count":1,"href":"http:\/\/www.xaviergalaup.net\/tikopia\/wp-json\/wp\/v2\/posts\/2531\/revisions"}],"predecessor-version":[{"id":2532,"href":"http:\/\/www.xaviergalaup.net\/tikopia\/wp-json\/wp\/v2\/posts\/2531\/revisions\/2532"}],"wp:attachment":[{"href":"http:\/\/www.xaviergalaup.net\/tikopia\/wp-json\/wp\/v2\/media?parent=2531"}],"wp:term":[{"taxonomy":"category","embeddable":true,"href":"http:\/\/www.xaviergalaup.net\/tikopia\/wp-json\/wp\/v2\/categories?post=2531"},{"taxonomy":"post_tag","embeddable":true,"href":"http:\/\/www.xaviergalaup.net\/tikopia\/wp-json\/wp\/v2\/tags?post=2531"}],"curies":[{"name":"wp","href":"https:\/\/api.w.org\/{rel}","templated":true}]}}