{"id":2519,"date":"2016-01-16T15:51:59","date_gmt":"2016-01-16T15:51:59","guid":{"rendered":"http:\/\/www.xaviergalaup.fr\/tikopia\/2016\/01\/les-mots-aussi-ont-perdu-leurs-couleurs\/"},"modified":"2016-01-16T15:51:59","modified_gmt":"2016-01-16T15:51:59","slug":"les-mots-aussi-ont-perdu-leurs-couleurs","status":"publish","type":"post","link":"http:\/\/www.xaviergalaup.net\/tikopia\/2016\/01\/les-mots-aussi-ont-perdu-leurs-couleurs\/","title":{"rendered":"Les mots aussi ont perdu leurs couleurs"},"content":{"rendered":"<p>Ne plus savoir que parler blanc<br \/>\nles mots aussi ont perdu leurs couleurs<br \/>\ndans un monde sans nuances<br \/>\nqui a oubli\u00e9 la caresse d\u00e9licate de l&rsquo;arc en ciel.<\/p>\n<p><i>(Journal des mots, 6 septembre 2015)<\/i><\/p>\n","protected":false},"excerpt":{"rendered":"<p>Ne plus savoir que parler blanc les mots aussi ont perdu leurs couleurs dans un monde sans nuances qui a oubli\u00e9 la caresse d\u00e9licate de l&rsquo;arc en ciel. (Journal des mots, 6 septembre 2015)<\/p>\n","protected":false},"author":1,"featured_media":0,"comment_status":"open","ping_status":"open","sticky":false,"template":"","format":"standard","meta":{"spay_email":"","jetpack_publicize_message":"","jetpack_is_tweetstorm":false,"jetpack_publicize_feature_enabled":true},"categories":[10,21,22,23,24,26],"tags":[],"jetpack_featured_media_url":"","jetpack_publicize_connections":[],"jetpack_sharing_enabled":true,"jetpack_shortlink":"https:\/\/wp.me\/p5H0vD-ED","jetpack-related-posts":[{"id":1385,"url":"http:\/\/www.xaviergalaup.net\/tikopia\/2012\/03\/corps-perdu-sur-lhorizon\/","url_meta":{"origin":2519,"position":0},"title":"corps perdu sur l&rsquo;horizon","date":"21 mars 2012","format":false,"excerpt":"Sur la phrase abandonn\u00e9e, les mots ont des fulgurances qui capturent nos \u00e9motions laissant notre corps perdu sur l\u2019horizon (journal des mots n\u00b047 \/ 13 mars 2012)","rel":"","context":"Dans &quot;journal des mots&quot;","img":{"alt_text":"","src":"","width":0,"height":0},"classes":[]},{"id":2811,"url":"http:\/\/www.xaviergalaup.net\/tikopia\/2021\/02\/les-mots-nous-ont-quitte\/","url_meta":{"origin":2519,"position":1},"title":"les mots nous ont quitt\u00e9","date":"15 f\u00e9vrier 2021","format":false,"excerpt":"\u00c0 force de prendre des diagonales les mots nous ont quitt\u00e9 la parole a perdu sa part de r\u00eave il ne reste m\u00eame plus les baisers.(Hochstatt, Journal des Mots 30 janvier 2021)","rel":"","context":"Dans &quot;fragment po\u00e9tique&quot;","img":{"alt_text":"","src":"","width":0,"height":0},"classes":[]},{"id":2164,"url":"http:\/\/www.xaviergalaup.net\/tikopia\/2012\/12\/les-mots-se-decolorent-de-fatigue\/","url_meta":{"origin":2519,"position":2},"title":"les mots se d\u00e9colorent de fatigue","date":"16 d\u00e9cembre 2012","format":false,"excerpt":"Imperceptiblement les mots se d\u00e9colorent de fatigue les toucher n\u2019apaisent pas les nuances la caresse des couleurs. (journal des mots n\u00b0133 \/ 9 novembre 2012)","rel":"","context":"Dans &quot;journal des mots&quot;","img":{"alt_text":"","src":"","width":0,"height":0},"classes":[]},{"id":2054,"url":"http:\/\/www.xaviergalaup.net\/tikopia\/2012\/10\/les-mots-echoues-separpillent\/","url_meta":{"origin":2519,"position":3},"title":"les mots \u00e9chou\u00e9s s&rsquo;\u00e9parpillent","date":"21 octobre 2012","format":false,"excerpt":"Perdu dans l\u2019air du temps les mots \u00e9chou\u00e9s s\u2019\u00e9parpillent et sous la plume du po\u00e8te le monde redevient une merveille. (journal des mots n\u00b0119 \/ 6 septembre 2012)","rel":"","context":"Dans &quot;journal des mots&quot;","img":{"alt_text":"","src":"","width":0,"height":0},"classes":[]},{"id":2266,"url":"http:\/\/www.xaviergalaup.net\/tikopia\/2013\/04\/un-beau-repas-de-phrases\/","url_meta":{"origin":2519,"position":4},"title":"un beau repas de phrases","date":"13 avril 2013","format":false,"excerpt":"Sur la neige abandonn\u00e9e les mots scintillent dans les yeux de l\u2019hermine un beau repas de phrases sur la bouche du po\u00e8te perdu au milieu du blanc (journal des mots n\u00b0144 \/ 17 janvier 2013)","rel":"","context":"Dans &quot;journal des mots&quot;","img":{"alt_text":"","src":"","width":0,"height":0},"classes":[]},{"id":2850,"url":"http:\/\/www.xaviergalaup.net\/tikopia\/2021\/03\/les-mots-cherchent-leurs-limites\/","url_meta":{"origin":2519,"position":5},"title":"les mots cherchent leurs limites","date":"9 mars 2021","format":false,"excerpt":"Sans dedans ni dehors les mots cherchent leurs limites et la parole cr\u00e9e le mondeils se croient, les fous, infini.(Hochstatt, Journal des Mots 19 f\u00e9vrier 2021)","rel":"","context":"Dans &quot;journal des mots&quot;","img":{"alt_text":"","src":"","width":0,"height":0},"classes":[]}],"_links":{"self":[{"href":"http:\/\/www.xaviergalaup.net\/tikopia\/wp-json\/wp\/v2\/posts\/2519"}],"collection":[{"href":"http:\/\/www.xaviergalaup.net\/tikopia\/wp-json\/wp\/v2\/posts"}],"about":[{"href":"http:\/\/www.xaviergalaup.net\/tikopia\/wp-json\/wp\/v2\/types\/post"}],"author":[{"embeddable":true,"href":"http:\/\/www.xaviergalaup.net\/tikopia\/wp-json\/wp\/v2\/users\/1"}],"replies":[{"embeddable":true,"href":"http:\/\/www.xaviergalaup.net\/tikopia\/wp-json\/wp\/v2\/comments?post=2519"}],"version-history":[{"count":0,"href":"http:\/\/www.xaviergalaup.net\/tikopia\/wp-json\/wp\/v2\/posts\/2519\/revisions"}],"wp:attachment":[{"href":"http:\/\/www.xaviergalaup.net\/tikopia\/wp-json\/wp\/v2\/media?parent=2519"}],"wp:term":[{"taxonomy":"category","embeddable":true,"href":"http:\/\/www.xaviergalaup.net\/tikopia\/wp-json\/wp\/v2\/categories?post=2519"},{"taxonomy":"post_tag","embeddable":true,"href":"http:\/\/www.xaviergalaup.net\/tikopia\/wp-json\/wp\/v2\/tags?post=2519"}],"curies":[{"name":"wp","href":"https:\/\/api.w.org\/{rel}","templated":true}]}}