{"id":2514,"date":"2016-01-09T14:47:27","date_gmt":"2016-01-09T14:47:27","guid":{"rendered":"http:\/\/www.xaviergalaup.fr\/tikopia\/?p=2514"},"modified":"2016-01-09T14:47:27","modified_gmt":"2016-01-09T14:47:27","slug":"les-mots-tranchent-le-paysage","status":"publish","type":"post","link":"http:\/\/www.xaviergalaup.net\/tikopia\/2016\/01\/les-mots-tranchent-le-paysage\/","title":{"rendered":"les mots tranchent le paysage"},"content":{"rendered":"<div>Vif argent peint au couteau<\/div>\n<div>Les mots tranchent le paysage<\/div>\n<div>Asphyxiant l&rsquo;atmosph\u00e8re des corps perdus<\/div>\n<div>juste l&rsquo;ombre d&rsquo;une main qui cherche \u00e0 toucher.<\/div>\n<p><\/br><\/p>\n<div><em>(journal des mots 16\/04\/2014)<\/em><\/div>\n","protected":false},"excerpt":{"rendered":"<p>Vif argent peint au couteau Les mots tranchent le paysage Asphyxiant l&rsquo;atmosph\u00e8re des corps perdus juste l&rsquo;ombre d&rsquo;une main qui cherche \u00e0 toucher. (journal des mots 16\/04\/2014)<\/p>\n","protected":false},"author":1,"featured_media":0,"comment_status":"open","ping_status":"open","sticky":false,"template":"","format":"standard","meta":{"spay_email":"","jetpack_publicize_message":"","jetpack_is_tweetstorm":false,"jetpack_publicize_feature_enabled":true},"categories":[10,21,22,23,24,26],"tags":[],"jetpack_featured_media_url":"","jetpack_publicize_connections":[],"jetpack_sharing_enabled":true,"jetpack_shortlink":"https:\/\/wp.me\/p5H0vD-Ey","jetpack-related-posts":[{"id":1630,"url":"http:\/\/www.xaviergalaup.net\/tikopia\/2012\/05\/ecouter-les-mots-intimes\/","url_meta":{"origin":2514,"position":0},"title":"\u00e9couter les mots intimes","date":"31 mai 2012","format":false,"excerpt":"Marcher en soi \u00e9couter les mots intimes d\u00e9chirer le paysage int\u00e9rieur et arracher ce bleu \u00e0 l\u2019\u00e2me. (journal des mots n\u00b087 \/ 22 mai 2012)","rel":"","context":"Dans &quot;journal des mots&quot;","img":{"alt_text":"","src":"","width":0,"height":0},"classes":[]},{"id":1109,"url":"http:\/\/www.xaviergalaup.net\/tikopia\/2012\/01\/linouie-emerge-de-nos-ratures\/","url_meta":{"origin":2514,"position":1},"title":"l&rsquo;inou\u00efe \u00e9merge de nos ratures","date":"24 janvier 2012","format":false,"excerpt":"l\u2019inou\u00ef \u00e9merge de nos ratures les mots s\u2019effacent mais la phrase s\u2019\u00e9chappe comme si un ange nous soufflait \u00e0 l\u2019oreille les traces d\u2019un paysage inconnu (journal des mots n\u00b010, 20 janvier 2012)","rel":"","context":"Dans &quot;journal des mots&quot;","img":{"alt_text":"","src":"","width":0,"height":0},"classes":[]},{"id":2028,"url":"http:\/\/www.xaviergalaup.net\/tikopia\/2012\/09\/les-mots-sont-en-cendres\/","url_meta":{"origin":2514,"position":2},"title":"les mots sont en cendres","date":"26 septembre 2012","format":false,"excerpt":"Dans ce paysage abstrait les mots sont en cendres et pourtant mon coeur n\u2019a pas brul\u00e9 quand tu as fr\u00f4l\u00e9 mes phrases de tes yeux. (journal des mots n\u00b0 115 \/ 22 ao\u00fbt 2012)","rel":"","context":"Dans &quot;journal des mots&quot;","img":{"alt_text":"","src":"","width":0,"height":0},"classes":[]},{"id":1714,"url":"http:\/\/www.xaviergalaup.net\/tikopia\/2012\/07\/allumer-la-lumiere-des-mots\/","url_meta":{"origin":2514,"position":3},"title":"allumer la lumi\u00e8re des mots","date":"2 juillet 2012","format":false,"excerpt":"Sur un paysage atone allumer la lumi\u00e8re des mots qui griffe en profondeur cette douceur des possibles (journal des mots n\u00b0103 \/ 22 juin 2012)","rel":"","context":"Dans &quot;journal des mots&quot;","img":{"alt_text":"","src":"","width":0,"height":0},"classes":[]},{"id":1633,"url":"http:\/\/www.xaviergalaup.net\/tikopia\/2012\/06\/les-mots-manquent-dair\/","url_meta":{"origin":2514,"position":4},"title":"les mots manquent d&rsquo;air","date":"2 juin 2012","format":false,"excerpt":"Vertige des petits crimes quotidiens les mots manquent d\u2019air les mots sont \u00e0 bout les mots ont la tentation de d\u00e9serter nous laissant seuls face \u00e0 nos vilenies. (journal des mots n\u00b088 \/ 23 mai 2012)","rel":"","context":"Dans &quot;journal des mots&quot;","img":{"alt_text":"","src":"","width":0,"height":0},"classes":[]},{"id":1591,"url":"http:\/\/www.xaviergalaup.net\/tikopia\/2012\/05\/les-mots-sont-des-leurres\/","url_meta":{"origin":2514,"position":5},"title":"les mots sont des leurres","date":"21 mai 2012","format":false,"excerpt":"Trop virevoltant, trop sophistiqu\u00e9, trop g\u00e9n\u00e9reux les mots sont des leurres pour habiller de beau la pens\u00e9e des apparences. (journal des mots n\u00b082 \/ 14 mai 2012)","rel":"","context":"Dans &quot;journal des mots&quot;","img":{"alt_text":"","src":"","width":0,"height":0},"classes":[]}],"_links":{"self":[{"href":"http:\/\/www.xaviergalaup.net\/tikopia\/wp-json\/wp\/v2\/posts\/2514"}],"collection":[{"href":"http:\/\/www.xaviergalaup.net\/tikopia\/wp-json\/wp\/v2\/posts"}],"about":[{"href":"http:\/\/www.xaviergalaup.net\/tikopia\/wp-json\/wp\/v2\/types\/post"}],"author":[{"embeddable":true,"href":"http:\/\/www.xaviergalaup.net\/tikopia\/wp-json\/wp\/v2\/users\/1"}],"replies":[{"embeddable":true,"href":"http:\/\/www.xaviergalaup.net\/tikopia\/wp-json\/wp\/v2\/comments?post=2514"}],"version-history":[{"count":4,"href":"http:\/\/www.xaviergalaup.net\/tikopia\/wp-json\/wp\/v2\/posts\/2514\/revisions"}],"predecessor-version":[{"id":2518,"href":"http:\/\/www.xaviergalaup.net\/tikopia\/wp-json\/wp\/v2\/posts\/2514\/revisions\/2518"}],"wp:attachment":[{"href":"http:\/\/www.xaviergalaup.net\/tikopia\/wp-json\/wp\/v2\/media?parent=2514"}],"wp:term":[{"taxonomy":"category","embeddable":true,"href":"http:\/\/www.xaviergalaup.net\/tikopia\/wp-json\/wp\/v2\/categories?post=2514"},{"taxonomy":"post_tag","embeddable":true,"href":"http:\/\/www.xaviergalaup.net\/tikopia\/wp-json\/wp\/v2\/tags?post=2514"}],"curies":[{"name":"wp","href":"https:\/\/api.w.org\/{rel}","templated":true}]}}