{"id":2484,"date":"2015-07-14T07:20:22","date_gmt":"2015-07-14T07:20:22","guid":{"rendered":"http:\/\/www.xaviergalaup.fr\/tikopia\/?p=2484"},"modified":"2015-07-14T07:20:22","modified_gmt":"2015-07-14T07:20:22","slug":"les-mots-savent-nous-dire","status":"publish","type":"post","link":"http:\/\/www.xaviergalaup.net\/tikopia\/2015\/07\/les-mots-savent-nous-dire\/","title":{"rendered":"les mots savent nous dire"},"content":{"rendered":"<p>Quand on \u00e9coute<br \/>\nles mots savent nous dire<br \/>\navec leurs caresses<br \/>\nle bruit des autres.<\/p>\n<p><em>(journal des mots n\u00b0189 \/ 21 avril 2014)<\/em><\/p>\n","protected":false},"excerpt":{"rendered":"<p>Quand on \u00e9coute les mots savent nous dire avec leurs caresses le bruit des autres. (journal des mots n\u00b0189 \/ 21 avril 2014)<\/p>\n","protected":false},"author":1,"featured_media":0,"comment_status":"open","ping_status":"open","sticky":false,"template":"","format":"standard","meta":{"spay_email":"","jetpack_publicize_message":"","jetpack_is_tweetstorm":false,"jetpack_publicize_feature_enabled":true},"categories":[10,21,22,23,24,26],"tags":[],"jetpack_featured_media_url":"","jetpack_publicize_connections":[],"jetpack_sharing_enabled":true,"jetpack_shortlink":"https:\/\/wp.me\/p5H0vD-E4","jetpack-related-posts":[{"id":2035,"url":"http:\/\/www.xaviergalaup.net\/tikopia\/2012\/09\/les-mots-en-desequilibre-ne-savent-plus\/","url_meta":{"origin":2484,"position":0},"title":"les mots en d\u00e9s\u00e9quilibre ne savent plus","date":"27 septembre 2012","format":false,"excerpt":"Tourbillons d\u2019oiseaux angoiss\u00e9s les mots en d\u00e9s\u00e9quilibre ne savent plus comprendre le gris la nuance des sens effleur\u00e9e. (journal des mots n\u00b0116 \/ 23 ao\u00fbt 2012)","rel":"","context":"Dans &quot;journal des mots&quot;","img":{"alt_text":"","src":"","width":0,"height":0},"classes":[]},{"id":1562,"url":"http:\/\/www.xaviergalaup.net\/tikopia\/2012\/05\/les-mots-font-des-catastrophes\/","url_meta":{"origin":2484,"position":1},"title":"les mots font des catastrophes","date":"16 mai 2012","format":false,"excerpt":"Trop longtemps oubli\u00e9s les mots font des catastrophes quand insensibles \u00e0 la caresse ils ne savent plus r\u00eaver les corps (journal des mots n\u00b077 \/ 8 mai 2012)","rel":"","context":"Dans &quot;journal des mots&quot;","img":{"alt_text":"","src":"","width":0,"height":0},"classes":[]},{"id":1344,"url":"http:\/\/www.xaviergalaup.net\/tikopia\/2012\/03\/une-lassitude-des-mots\/","url_meta":{"origin":2484,"position":2},"title":"une lassitude des mots","date":"9 mars 2012","format":false,"excerpt":"Sous le poids des livres, il me vient une lassitude des mots qui ne cherchent pas \u00e0 tout nous dire (journal des mots n\u00b040 \/ 5 mars 2012)","rel":"","context":"Dans &quot;fragment po\u00e9tique&quot;","img":{"alt_text":"","src":"","width":0,"height":0},"classes":[]},{"id":2348,"url":"http:\/\/www.xaviergalaup.net\/tikopia\/2013\/06\/les-mots-sont-des-revenants\/","url_meta":{"origin":2484,"position":3},"title":"les mots sont des revenants","date":"27 juin 2013","format":false,"excerpt":"les mots sont des revenants qui nous font croire que tout sera comme avant alors qu\u2019ils nous transforment par tra\u00eetrise. (journal des mots n\u00b0160 \/ 20 mai 2013)","rel":"","context":"Dans &quot;journal des mots&quot;","img":{"alt_text":"","src":"","width":0,"height":0},"classes":[]},{"id":2287,"url":"http:\/\/www.xaviergalaup.net\/tikopia\/2013\/04\/et-les-mots-nous-revent\/","url_meta":{"origin":2484,"position":4},"title":"et les mots nous r\u00eavent","date":"20 avril 2013","format":false,"excerpt":"Quand les \u00e9toiles s\u2019absentent que notre coeur devient bleu il suffit d\u2019une caresse et les mots nous r\u00eavent. (journal des mots n\u00b0146 \/ 3 f\u00e9vrier 2013)","rel":"","context":"Dans &quot;journal des mots&quot;","img":{"alt_text":"","src":"","width":0,"height":0},"classes":[]},{"id":1633,"url":"http:\/\/www.xaviergalaup.net\/tikopia\/2012\/06\/les-mots-manquent-dair\/","url_meta":{"origin":2484,"position":5},"title":"les mots manquent d&rsquo;air","date":"2 juin 2012","format":false,"excerpt":"Vertige des petits crimes quotidiens les mots manquent d\u2019air les mots sont \u00e0 bout les mots ont la tentation de d\u00e9serter nous laissant seuls face \u00e0 nos vilenies. (journal des mots n\u00b088 \/ 23 mai 2012)","rel":"","context":"Dans &quot;journal des mots&quot;","img":{"alt_text":"","src":"","width":0,"height":0},"classes":[]}],"_links":{"self":[{"href":"http:\/\/www.xaviergalaup.net\/tikopia\/wp-json\/wp\/v2\/posts\/2484"}],"collection":[{"href":"http:\/\/www.xaviergalaup.net\/tikopia\/wp-json\/wp\/v2\/posts"}],"about":[{"href":"http:\/\/www.xaviergalaup.net\/tikopia\/wp-json\/wp\/v2\/types\/post"}],"author":[{"embeddable":true,"href":"http:\/\/www.xaviergalaup.net\/tikopia\/wp-json\/wp\/v2\/users\/1"}],"replies":[{"embeddable":true,"href":"http:\/\/www.xaviergalaup.net\/tikopia\/wp-json\/wp\/v2\/comments?post=2484"}],"version-history":[{"count":1,"href":"http:\/\/www.xaviergalaup.net\/tikopia\/wp-json\/wp\/v2\/posts\/2484\/revisions"}],"predecessor-version":[{"id":2485,"href":"http:\/\/www.xaviergalaup.net\/tikopia\/wp-json\/wp\/v2\/posts\/2484\/revisions\/2485"}],"wp:attachment":[{"href":"http:\/\/www.xaviergalaup.net\/tikopia\/wp-json\/wp\/v2\/media?parent=2484"}],"wp:term":[{"taxonomy":"category","embeddable":true,"href":"http:\/\/www.xaviergalaup.net\/tikopia\/wp-json\/wp\/v2\/categories?post=2484"},{"taxonomy":"post_tag","embeddable":true,"href":"http:\/\/www.xaviergalaup.net\/tikopia\/wp-json\/wp\/v2\/tags?post=2484"}],"curies":[{"name":"wp","href":"https:\/\/api.w.org\/{rel}","templated":true}]}}