{"id":2266,"date":"2013-04-13T18:11:57","date_gmt":"2013-04-13T17:11:57","guid":{"rendered":"http:\/\/www.xaviergalaup.fr\/tikopia\/?p=2266"},"modified":"2013-04-13T18:11:57","modified_gmt":"2013-04-13T17:11:57","slug":"un-beau-repas-de-phrases","status":"publish","type":"post","link":"http:\/\/www.xaviergalaup.net\/tikopia\/2013\/04\/un-beau-repas-de-phrases\/","title":{"rendered":"un beau repas de phrases"},"content":{"rendered":"<p>Sur la neige abandonn\u00e9e<br \/>\nles mots scintillent dans les yeux de l\u2019hermine<br \/>\nun beau repas de phrases<br \/>\nsur la bouche du po\u00e8te perdu au milieu du blanc<\/p>\n<p><em>(journal des mots n\u00b0144 \/ 17 janvier 2013)<br \/>\n<\/em><\/p>\n","protected":false},"excerpt":{"rendered":"<p>Sur la neige abandonn\u00e9e les mots scintillent dans les yeux de l\u2019hermine un beau repas de phrases sur la bouche du po\u00e8te perdu au milieu du blanc (journal des mots n\u00b0144 \/ 17 janvier 2013)<\/p>\n","protected":false},"author":1,"featured_media":0,"comment_status":"open","ping_status":"open","sticky":false,"template":"","format":"standard","meta":{"spay_email":"","jetpack_publicize_message":"[blog d'\u00e9criture] un beau repas de phrases http:\/\/wp.me\/p2GN6a-Ay","jetpack_is_tweetstorm":false,"jetpack_publicize_feature_enabled":true},"categories":[10,21,22,23,24,26],"tags":[],"jetpack_featured_media_url":"","jetpack_publicize_connections":[],"jetpack_sharing_enabled":true,"jetpack_shortlink":"https:\/\/wp.me\/p5H0vD-Ay","jetpack-related-posts":[{"id":2283,"url":"http:\/\/www.xaviergalaup.net\/tikopia\/2013\/04\/les-mots-attendent-un-coup-de-tonnerre\/","url_meta":{"origin":2266,"position":0},"title":"les mots attendent un coup de tonnerre","date":"14 avril 2013","format":false,"excerpt":"Les yeux au ciel les mots attendent un coup de tonnerre pour nous rappeler que les phrases du po\u00e8te sont poussi\u00e8res face aux crimes fait en notre nom. (journal des mots n\u00b0145 \/ 20 janvier 2013)","rel":"","context":"Dans &quot;journal des mots&quot;","img":{"alt_text":"","src":"","width":0,"height":0},"classes":[]},{"id":1385,"url":"http:\/\/www.xaviergalaup.net\/tikopia\/2012\/03\/corps-perdu-sur-lhorizon\/","url_meta":{"origin":2266,"position":1},"title":"corps perdu sur l&rsquo;horizon","date":"21 mars 2012","format":false,"excerpt":"Sur la phrase abandonn\u00e9e, les mots ont des fulgurances qui capturent nos \u00e9motions laissant notre corps perdu sur l\u2019horizon (journal des mots n\u00b047 \/ 13 mars 2012)","rel":"","context":"Dans &quot;journal des mots&quot;","img":{"alt_text":"","src":"","width":0,"height":0},"classes":[]},{"id":2054,"url":"http:\/\/www.xaviergalaup.net\/tikopia\/2012\/10\/les-mots-echoues-separpillent\/","url_meta":{"origin":2266,"position":2},"title":"les mots \u00e9chou\u00e9s s&rsquo;\u00e9parpillent","date":"21 octobre 2012","format":false,"excerpt":"Perdu dans l\u2019air du temps les mots \u00e9chou\u00e9s s\u2019\u00e9parpillent et sous la plume du po\u00e8te le monde redevient une merveille. (journal des mots n\u00b0119 \/ 6 septembre 2012)","rel":"","context":"Dans &quot;journal des mots&quot;","img":{"alt_text":"","src":"","width":0,"height":0},"classes":[]},{"id":2128,"url":"http:\/\/www.xaviergalaup.net\/tikopia\/2012\/11\/les-mots-ont-le-gout-du-temps\/","url_meta":{"origin":2266,"position":3},"title":"les mots ont le go\u00fbt du temps","date":"28 novembre 2012","format":false,"excerpt":"L\u00e0-bas pos\u00e9s sur une feuille d\u2019automne Les mots ont le go\u00fbt du temps celui qui d\u00e9sagr\u00e8ge toutes les certitudes permettant au po\u00e8te de sauter dans le vide. (journal des mots n\u00b0128 \/ 14 octobre 2012)","rel":"","context":"Dans &quot;journal des mots&quot;","img":{"alt_text":"","src":"","width":0,"height":0},"classes":[]},{"id":2304,"url":"http:\/\/www.xaviergalaup.net\/tikopia\/2013\/05\/les-mots-prennent-feu\/","url_meta":{"origin":2266,"position":4},"title":"les mots prennent feu","date":"18 mai 2013","format":false,"excerpt":"Quand le coeur du po\u00e8te s\u2019ouvre les mots prennent feu br\u00fblant les possibles sur la page incertaine de notre vie qui ne sait o\u00f9 s\u2019\u00e9crire. (journal des mots n\u00b0151 \/ 20 avril 2013)","rel":"","context":"Dans &quot;journal des mots&quot;","img":{"alt_text":"","src":"","width":0,"height":0},"classes":[]},{"id":2294,"url":"http:\/\/www.xaviergalaup.net\/tikopia\/2013\/04\/impossible-de-se-projeter-dans-les-mots\/","url_meta":{"origin":2266,"position":5},"title":"impossible de se projeter dans les mots","date":"24 avril 2013","format":false,"excerpt":"Impossible de se projeter dans les mots tant que la jambe crisp\u00e9e immobilise le souffle du po\u00e8te. (journal des mots n\u00b0148 \/ 01 avril 2013)","rel":"","context":"Dans &quot;journal des mots&quot;","img":{"alt_text":"","src":"","width":0,"height":0},"classes":[]}],"_links":{"self":[{"href":"http:\/\/www.xaviergalaup.net\/tikopia\/wp-json\/wp\/v2\/posts\/2266"}],"collection":[{"href":"http:\/\/www.xaviergalaup.net\/tikopia\/wp-json\/wp\/v2\/posts"}],"about":[{"href":"http:\/\/www.xaviergalaup.net\/tikopia\/wp-json\/wp\/v2\/types\/post"}],"author":[{"embeddable":true,"href":"http:\/\/www.xaviergalaup.net\/tikopia\/wp-json\/wp\/v2\/users\/1"}],"replies":[{"embeddable":true,"href":"http:\/\/www.xaviergalaup.net\/tikopia\/wp-json\/wp\/v2\/comments?post=2266"}],"version-history":[{"count":0,"href":"http:\/\/www.xaviergalaup.net\/tikopia\/wp-json\/wp\/v2\/posts\/2266\/revisions"}],"wp:attachment":[{"href":"http:\/\/www.xaviergalaup.net\/tikopia\/wp-json\/wp\/v2\/media?parent=2266"}],"wp:term":[{"taxonomy":"category","embeddable":true,"href":"http:\/\/www.xaviergalaup.net\/tikopia\/wp-json\/wp\/v2\/categories?post=2266"},{"taxonomy":"post_tag","embeddable":true,"href":"http:\/\/www.xaviergalaup.net\/tikopia\/wp-json\/wp\/v2\/tags?post=2266"}],"curies":[{"name":"wp","href":"https:\/\/api.w.org\/{rel}","templated":true}]}}