{"id":2250,"date":"2013-04-01T18:11:10","date_gmt":"2013-04-01T17:11:10","guid":{"rendered":"http:\/\/www.xaviergalaup.fr\/tikopia\/?p=2250"},"modified":"2013-04-01T18:11:10","modified_gmt":"2013-04-01T17:11:10","slug":"les-mots-blancs-errent-sur-la-page-blanche","status":"publish","type":"post","link":"http:\/\/www.xaviergalaup.net\/tikopia\/2013\/04\/les-mots-blancs-errent-sur-la-page-blanche\/","title":{"rendered":"les mots blancs errent sur la page blanche"},"content":{"rendered":"<p>Comme un fant\u00f4me<br \/>\nles mots blancs errent sur la page blanche<br \/>\nimperceptiblement<br \/>\nils se d\u00e9tachent de mes pens\u00e9es.<\/p>\n<p><em>(journal des mots n\u00b0142 \/ 9 d\u00e9cembre 2012)<\/em><\/p>\n","protected":false},"excerpt":{"rendered":"<p>Comme un fant\u00f4me les mots blancs errent sur la page blanche imperceptiblement ils se d\u00e9tachent de mes pens\u00e9es. (journal des mots n\u00b0142 \/ 9 d\u00e9cembre 2012)<\/p>\n","protected":false},"author":1,"featured_media":0,"comment_status":"open","ping_status":"open","sticky":false,"template":"","format":"standard","meta":{"spay_email":"","jetpack_publicize_message":"[blog d'\u00e9criture] les mots blancs errent sur la page blanche http:\/\/wp.me\/p2GN6a-Ai","jetpack_is_tweetstorm":false,"jetpack_publicize_feature_enabled":true},"categories":[10,21,22,23,24,26],"tags":[],"jetpack_featured_media_url":"","jetpack_publicize_connections":[],"jetpack_sharing_enabled":true,"jetpack_shortlink":"https:\/\/wp.me\/p5H0vD-Ai","jetpack-related-posts":[{"id":1307,"url":"http:\/\/www.xaviergalaup.net\/tikopia\/2012\/03\/les-larmes-coulees-du-texte\/","url_meta":{"origin":2250,"position":0},"title":"les larmes coul\u00e9es du texte","date":"3 mars 2012","format":false,"excerpt":"Comme une peau inutile les mots morts se d\u00e9tachent permettant d\u2019oublier les larmes coul\u00e9es du texte (journal des mots, n\u00b036 \/ 29 f\u00e9vrier 2012)","rel":"","context":"Dans &quot;journal des mots&quot;","img":{"alt_text":"","src":"","width":0,"height":0},"classes":[]},{"id":2164,"url":"http:\/\/www.xaviergalaup.net\/tikopia\/2012\/12\/les-mots-se-decolorent-de-fatigue\/","url_meta":{"origin":2250,"position":1},"title":"les mots se d\u00e9colorent de fatigue","date":"16 d\u00e9cembre 2012","format":false,"excerpt":"Imperceptiblement les mots se d\u00e9colorent de fatigue les toucher n\u2019apaisent pas les nuances la caresse des couleurs. (journal des mots n\u00b0133 \/ 9 novembre 2012)","rel":"","context":"Dans &quot;journal des mots&quot;","img":{"alt_text":"","src":"","width":0,"height":0},"classes":[]},{"id":2119,"url":"http:\/\/www.xaviergalaup.net\/tikopia\/2012\/11\/les-mots-qui-coulent-dans-mes-mains\/","url_meta":{"origin":2250,"position":2},"title":"les mots qui coulent dans mes mains","date":"22 novembre 2012","format":false,"excerpt":"Impossible de disjoncter sans les mots qui coulent de mes mains abandonnant les phrases sur la page blanche ces \u00eeles myst\u00e9rieuses et fantastiques qui nous attirent et nous laissent \u00e0 part. (journal des mots n\u00b0126 \/ 30 septembre 2012)","rel":"","context":"Dans &quot;journal des mots&quot;","img":{"alt_text":"","src":"","width":0,"height":0},"classes":[]},{"id":1111,"url":"http:\/\/www.xaviergalaup.net\/tikopia\/2012\/01\/tamiser-lor-des-mots\/","url_meta":{"origin":2250,"position":3},"title":"tamiser l&rsquo;or des mots","date":"25 janvier 2012","format":false,"excerpt":"tamiser sur la feuille blanche l\u2019or des mots il flotte subrepticement entre les phrases le zeste d\u2019une vie acc\u00e9l\u00e9r\u00e9e (journal des mots n\u00b011, 22 janvier 2012)","rel":"","context":"Dans &quot;journal des mots&quot;","img":{"alt_text":"","src":"","width":0,"height":0},"classes":[]},{"id":1137,"url":"http:\/\/www.xaviergalaup.net\/tikopia\/2012\/02\/les-mots-sevaporent\/","url_meta":{"origin":2250,"position":4},"title":"les mots s&rsquo;\u00e9vaporent","date":"2 f\u00e9vrier 2012","format":false,"excerpt":"une voix qui tremble prisonni\u00e8re d\u2019un \u00e9cho atone les mots s\u2019\u00e9vaporent sur la blancheur des nos pens\u00e9es (journal des mots n\u00b013\/ 23 janvier 2012)","rel":"","context":"Dans &quot;Po\u00e8me&quot;","img":{"alt_text":"","src":"","width":0,"height":0},"classes":[]},{"id":1710,"url":"http:\/\/www.xaviergalaup.net\/tikopia\/2012\/06\/les-mots-ont-dissous-mon-silence\/","url_meta":{"origin":2250,"position":5},"title":"les mots ont dissous mon silence","date":"30 juin 2012","format":false,"excerpt":"Comme un tableau fant\u00f4me Les mots ont dissous mon silence la phrase racle dans vos oreilles explosion continue de nos peurs \u00e0 fleurs de peau (journal des mots n\u00b0102 \/ 19 juin 2012)","rel":"","context":"Dans &quot;journal des mots&quot;","img":{"alt_text":"","src":"","width":0,"height":0},"classes":[]}],"_links":{"self":[{"href":"http:\/\/www.xaviergalaup.net\/tikopia\/wp-json\/wp\/v2\/posts\/2250"}],"collection":[{"href":"http:\/\/www.xaviergalaup.net\/tikopia\/wp-json\/wp\/v2\/posts"}],"about":[{"href":"http:\/\/www.xaviergalaup.net\/tikopia\/wp-json\/wp\/v2\/types\/post"}],"author":[{"embeddable":true,"href":"http:\/\/www.xaviergalaup.net\/tikopia\/wp-json\/wp\/v2\/users\/1"}],"replies":[{"embeddable":true,"href":"http:\/\/www.xaviergalaup.net\/tikopia\/wp-json\/wp\/v2\/comments?post=2250"}],"version-history":[{"count":0,"href":"http:\/\/www.xaviergalaup.net\/tikopia\/wp-json\/wp\/v2\/posts\/2250\/revisions"}],"wp:attachment":[{"href":"http:\/\/www.xaviergalaup.net\/tikopia\/wp-json\/wp\/v2\/media?parent=2250"}],"wp:term":[{"taxonomy":"category","embeddable":true,"href":"http:\/\/www.xaviergalaup.net\/tikopia\/wp-json\/wp\/v2\/categories?post=2250"},{"taxonomy":"post_tag","embeddable":true,"href":"http:\/\/www.xaviergalaup.net\/tikopia\/wp-json\/wp\/v2\/tags?post=2250"}],"curies":[{"name":"wp","href":"https:\/\/api.w.org\/{rel}","templated":true}]}}