{"id":1727,"date":"2012-07-08T15:04:38","date_gmt":"2012-07-08T13:04:38","guid":{"rendered":"http:\/\/tikopia.wordpress.com\/?p=1727"},"modified":"2012-07-08T15:04:38","modified_gmt":"2012-07-08T13:04:38","slug":"les-mots-senvolent-dans-lair-du-temps","status":"publish","type":"post","link":"http:\/\/www.xaviergalaup.net\/tikopia\/2012\/07\/les-mots-senvolent-dans-lair-du-temps\/","title":{"rendered":"les mots s&rsquo;envolent dans l&rsquo;air du temps"},"content":{"rendered":"<p>Telles des bulles de savon,<br \/>\nles mots s\u2019envolent dans l\u2019air du temps<br \/>\nils attendent le stylo<br \/>\nqui d\u00e9chirera l\u2019h\u00e9sitation.<\/p>\n<p><em>(journal des mots n\u00b0104 \/ 24 juin 2012)<\/em><\/p>\n","protected":false},"excerpt":{"rendered":"<p>Telles des bulles de savon, les mots s\u2019envolent dans l\u2019air du temps ils attendent le stylo qui d\u00e9chirera l\u2019h\u00e9sitation. (journal des mots n\u00b0104 \/ 24 juin 2012)<\/p>\n","protected":false},"author":1,"featured_media":0,"comment_status":"open","ping_status":"open","sticky":false,"template":"","format":"standard","meta":{"spay_email":"","jetpack_publicize_message":"[blog d'\u00e9criture] les mots s'envolent dans l'air du temps http:\/\/wp.me\/pRUp-rR","jetpack_is_tweetstorm":false,"jetpack_publicize_feature_enabled":true},"categories":[10,21,22,23,24,26],"tags":[],"jetpack_featured_media_url":"","jetpack_publicize_connections":[],"jetpack_sharing_enabled":true,"jetpack_shortlink":"https:\/\/wp.me\/p5H0vD-rR","jetpack-related-posts":[{"id":907,"url":"http:\/\/www.xaviergalaup.net\/tikopia\/2009\/06\/trace-en-rouge-12-et-fin\/","url_meta":{"origin":1727,"position":0},"title":"Trac\u00e9 en rouge &#8211; 12 et fin","date":"9 juin 2009","format":false,"excerpt":"(...) dans sa t\u00eate son visage disparu oui inventer contre la douleur la fatigue son visage le visage surtout le sourire de celle qu\u2019il aime surtout les mots enfin et par dessous tout il imagine il r\u00eave il s\u2019extrait du rouge par dessus tout il r\u00eave des mots enfin des\u2026","rel":"","context":"Dans &quot;micro-fictions&quot;","img":{"alt_text":"","src":"","width":0,"height":0},"classes":[]},{"id":2054,"url":"http:\/\/www.xaviergalaup.net\/tikopia\/2012\/10\/les-mots-echoues-separpillent\/","url_meta":{"origin":1727,"position":1},"title":"les mots \u00e9chou\u00e9s s&rsquo;\u00e9parpillent","date":"21 octobre 2012","format":false,"excerpt":"Perdu dans l\u2019air du temps les mots \u00e9chou\u00e9s s\u2019\u00e9parpillent et sous la plume du po\u00e8te le monde redevient une merveille. (journal des mots n\u00b0119 \/ 6 septembre 2012)","rel":"","context":"Dans &quot;journal des mots&quot;","img":{"alt_text":"","src":"","width":0,"height":0},"classes":[]},{"id":2412,"url":"http:\/\/www.xaviergalaup.net\/tikopia\/2014\/02\/les-mots-hesitent-a-voler\/","url_meta":{"origin":1727,"position":2},"title":"les mots h\u00e9sitent \u00e0 voler","date":"2 f\u00e9vrier 2014","format":false,"excerpt":"Accroch\u00e9s aux cerf-volants les mots h\u00e9sitent \u00e0 voler ils pr\u00e9f\u00e8rent sortir de nos bouches prof\u00e9rer l\u2019air du temps. (journal des mots n\u00b0173 \/ 1 ao\u00fbt 2013)","rel":"","context":"Dans &quot;journal des mots&quot;","img":{"alt_text":"","src":"","width":0,"height":0},"classes":[]},{"id":2417,"url":"http:\/\/www.xaviergalaup.net\/tikopia\/2014\/03\/les-mots-hesitent-a-voler-3\/","url_meta":{"origin":1727,"position":3},"title":"les mots h\u00e9sitent \u00e0 voler","date":"2 mars 2014","format":false,"excerpt":"Accroch\u00e9s aux cerf-volants les mots h\u00e9sitent \u00e0 voler ils pr\u00e9f\u00e8rent sortir de nos bouches prof\u00e9rer l\u2019air du temps. (journal des mots n\u00b0173 \/ 1 ao\u00fbt 2013)","rel":"","context":"Dans &quot;journal des mots&quot;","img":{"alt_text":"","src":"","width":0,"height":0},"classes":[]},{"id":2414,"url":"http:\/\/www.xaviergalaup.net\/tikopia\/2014\/02\/les-mots-hesitent-a-voler-2\/","url_meta":{"origin":1727,"position":4},"title":"Les mots h\u00e9sitent \u00e0 voler","date":"2 f\u00e9vrier 2014","format":false,"excerpt":"Accroch\u00e9s aux cerf-volants les mots h\u00e9sitent \u00e0 voler ils pr\u00e9f\u00e8rent sortir de nos bouches prof\u00e9rer l\u2019air du temps. (journal des mots n\u00b0173 \/ 1 ao\u00fbt 2013)","rel":"","context":"Dans &quot;Non class\u00e9&quot;","img":{"alt_text":"","src":"","width":0,"height":0},"classes":[]},{"id":2184,"url":"http:\/\/www.xaviergalaup.net\/tikopia\/2013\/01\/les-mots-sont-des-bulles-effervescentes\/","url_meta":{"origin":1727,"position":5},"title":"les mots sont des bulles effervescentes","date":"17 janvier 2013","format":false,"excerpt":"Jaillissant des profondeurs les mots sont des bulles effervescentes pens\u00e9es fugitives qui se cristallisent au crissement de la voix. (journal des mots n\u00b0134 \/ 11 novembre 2012)","rel":"","context":"Dans &quot;journal des mots&quot;","img":{"alt_text":"","src":"","width":0,"height":0},"classes":[]}],"_links":{"self":[{"href":"http:\/\/www.xaviergalaup.net\/tikopia\/wp-json\/wp\/v2\/posts\/1727"}],"collection":[{"href":"http:\/\/www.xaviergalaup.net\/tikopia\/wp-json\/wp\/v2\/posts"}],"about":[{"href":"http:\/\/www.xaviergalaup.net\/tikopia\/wp-json\/wp\/v2\/types\/post"}],"author":[{"embeddable":true,"href":"http:\/\/www.xaviergalaup.net\/tikopia\/wp-json\/wp\/v2\/users\/1"}],"replies":[{"embeddable":true,"href":"http:\/\/www.xaviergalaup.net\/tikopia\/wp-json\/wp\/v2\/comments?post=1727"}],"version-history":[{"count":0,"href":"http:\/\/www.xaviergalaup.net\/tikopia\/wp-json\/wp\/v2\/posts\/1727\/revisions"}],"wp:attachment":[{"href":"http:\/\/www.xaviergalaup.net\/tikopia\/wp-json\/wp\/v2\/media?parent=1727"}],"wp:term":[{"taxonomy":"category","embeddable":true,"href":"http:\/\/www.xaviergalaup.net\/tikopia\/wp-json\/wp\/v2\/categories?post=1727"},{"taxonomy":"post_tag","embeddable":true,"href":"http:\/\/www.xaviergalaup.net\/tikopia\/wp-json\/wp\/v2\/tags?post=1727"}],"curies":[{"name":"wp","href":"https:\/\/api.w.org\/{rel}","templated":true}]}}