{"id":1418,"date":"2012-03-29T19:30:49","date_gmt":"2012-03-29T17:30:49","guid":{"rendered":"http:\/\/tikopia.wordpress.com\/?p=1418"},"modified":"2012-03-29T19:30:49","modified_gmt":"2012-03-29T17:30:49","slug":"dans-le-bruissement-du-jardin","status":"publish","type":"post","link":"http:\/\/www.xaviergalaup.net\/tikopia\/2012\/03\/dans-le-bruissement-du-jardin\/","title":{"rendered":"dans le bruissement du jardin"},"content":{"rendered":"<p>Dans le bruissement du jardin<br \/>\nle bruit des mots<br \/>\nd\u00e9livre les corps<br \/>\nde leurs vertiges coquins<\/p>\n<p><em>(journal des mots, n\u00b054 \/ 27 mars 2012)<\/em><\/p>\n","protected":false},"excerpt":{"rendered":"<p>Dans le bruissement du jardin le bruit des mots d\u00e9livre les corps de leurs vertiges coquins (journal des mots, n\u00b054 \/ 27 mars 2012)<\/p>\n","protected":false},"author":1,"featured_media":0,"comment_status":"open","ping_status":"open","sticky":false,"template":"","format":"standard","meta":{"spay_email":"","jetpack_publicize_message":"le journal des mots #tikopia dans le bruissement du jardin http:\/\/wp.me\/pRUp-mS","jetpack_is_tweetstorm":false,"jetpack_publicize_feature_enabled":true},"categories":[10,21,22,23,24,26],"tags":[158,160],"jetpack_featured_media_url":"","jetpack_publicize_connections":[],"jetpack_sharing_enabled":true,"jetpack_shortlink":"https:\/\/wp.me\/p5H0vD-mS","jetpack-related-posts":[{"id":2040,"url":"http:\/\/www.xaviergalaup.net\/tikopia\/2012\/10\/les-mots-glissent-sur-la-peau-du-ciel\/","url_meta":{"origin":1418,"position":0},"title":"les mots glissent sur la peau du ciel","date":"7 octobre 2012","format":false,"excerpt":"Sans bruit sans traces les mots glissent sur la peau du ciel alors que les \u00e9toiles attendent une caresse les id\u00e9es se volatilisent. (journal des mots n\u00b0117, 26 ao\u00fbt 2012)","rel":"","context":"Dans &quot;journal des mots&quot;","img":{"alt_text":"","src":"","width":0,"height":0},"classes":[]},{"id":1385,"url":"http:\/\/www.xaviergalaup.net\/tikopia\/2012\/03\/corps-perdu-sur-lhorizon\/","url_meta":{"origin":1418,"position":1},"title":"corps perdu sur l&rsquo;horizon","date":"21 mars 2012","format":false,"excerpt":"Sur la phrase abandonn\u00e9e, les mots ont des fulgurances qui capturent nos \u00e9motions laissant notre corps perdu sur l\u2019horizon (journal des mots n\u00b047 \/ 13 mars 2012)","rel":"","context":"Dans &quot;journal des mots&quot;","img":{"alt_text":"","src":"","width":0,"height":0},"classes":[]},{"id":1616,"url":"http:\/\/www.xaviergalaup.net\/tikopia\/2012\/05\/les-mots-brulent-sous-la-langue\/","url_meta":{"origin":1418,"position":2},"title":"les mots br\u00fblent sous la langue","date":"28 mai 2012","format":false,"excerpt":"Quand le corps jubile les mots br\u00fblent sous la langue tressant dans l\u2019imagination la braise des promesses. (journal des mots n\u00b086\/ 21 mai 2012)","rel":"","context":"Dans &quot;journal des mots&quot;","img":{"alt_text":"","src":"","width":0,"height":0},"classes":[]},{"id":1321,"url":"http:\/\/www.xaviergalaup.net\/tikopia\/2012\/03\/doux-desordre-des-mots\/","url_meta":{"origin":1418,"position":3},"title":"doux d\u00e9sordre des mots","date":"5 mars 2012","format":false,"excerpt":"Dans un doux d\u00e9sordre les mots se r\u00e9inventent laissant s\u2019\u00e9vaporer les anciens sens. (journal des mots n\u00b038 \/ 2 mars 2012)","rel":"","context":"Dans &quot;journal des mots&quot;","img":{"alt_text":"","src":"","width":0,"height":0},"classes":[]},{"id":1388,"url":"http:\/\/www.xaviergalaup.net\/tikopia\/2012\/03\/les-mots-sont-de-joyeux-fantomes\/","url_meta":{"origin":1418,"position":4},"title":"les mots sont de joyeux fant\u00f4mes","date":"22 mars 2012","format":false,"excerpt":"Fig\u00e9s dans l\u2019ombre les mots sont de joyeux fant\u00f4mes tranchant l\u2019espace incertain des pens\u00e9es abruptes (journal des mots n\u00b048 \/ 16 mars 2012)","rel":"","context":"Dans &quot;journal des mots&quot;","img":{"alt_text":"","src":"","width":0,"height":0},"classes":[]},{"id":1074,"url":"http:\/\/www.xaviergalaup.net\/tikopia\/2012\/01\/contempler-les-tourbillons\/","url_meta":{"origin":1418,"position":5},"title":"contempler les tourbillons","date":"7 janvier 2012","format":false,"excerpt":"contempler les tourbillons ces temp\u00eates de mots l\u00e9gers cacher dans les vents fuyant ils passent mais laissent leurs d\u00e9bris d\u2019ailleurs (journal des mots, 3, 5 janvier 2012)","rel":"","context":"Dans &quot;journal des mots&quot;","img":{"alt_text":"","src":"","width":0,"height":0},"classes":[]}],"_links":{"self":[{"href":"http:\/\/www.xaviergalaup.net\/tikopia\/wp-json\/wp\/v2\/posts\/1418"}],"collection":[{"href":"http:\/\/www.xaviergalaup.net\/tikopia\/wp-json\/wp\/v2\/posts"}],"about":[{"href":"http:\/\/www.xaviergalaup.net\/tikopia\/wp-json\/wp\/v2\/types\/post"}],"author":[{"embeddable":true,"href":"http:\/\/www.xaviergalaup.net\/tikopia\/wp-json\/wp\/v2\/users\/1"}],"replies":[{"embeddable":true,"href":"http:\/\/www.xaviergalaup.net\/tikopia\/wp-json\/wp\/v2\/comments?post=1418"}],"version-history":[{"count":0,"href":"http:\/\/www.xaviergalaup.net\/tikopia\/wp-json\/wp\/v2\/posts\/1418\/revisions"}],"wp:attachment":[{"href":"http:\/\/www.xaviergalaup.net\/tikopia\/wp-json\/wp\/v2\/media?parent=1418"}],"wp:term":[{"taxonomy":"category","embeddable":true,"href":"http:\/\/www.xaviergalaup.net\/tikopia\/wp-json\/wp\/v2\/categories?post=1418"},{"taxonomy":"post_tag","embeddable":true,"href":"http:\/\/www.xaviergalaup.net\/tikopia\/wp-json\/wp\/v2\/tags?post=1418"}],"curies":[{"name":"wp","href":"https:\/\/api.w.org\/{rel}","templated":true}]}}