{"id":1273,"date":"2012-02-26T19:22:03","date_gmt":"2012-02-26T17:22:03","guid":{"rendered":"http:\/\/tikopia.wordpress.com\/?p=1273"},"modified":"2012-02-26T19:22:03","modified_gmt":"2012-02-26T17:22:03","slug":"impossible-de-psalmodier-ces-mots","status":"publish","type":"post","link":"http:\/\/www.xaviergalaup.net\/tikopia\/2012\/02\/impossible-de-psalmodier-ces-mots\/","title":{"rendered":"impossible de psalmodier ces mots"},"content":{"rendered":"<p>Sans ce joyau au creux de la main<br \/>\nimpossible de psalmodier ces mots<br \/>\nceux qui envo\u00fbtent m\u00eame les sourds<br \/>\ntouchant au plus profond de nos aspirations.<\/p>\n<p><em>(journal des mots n\u00b030, 20 f\u00e9vrier 2012)<\/em><\/p>\n","protected":false},"excerpt":{"rendered":"<p>Sans ce joyau au creux de la main impossible de psalmodier ces mots ceux qui envo\u00fbtent m\u00eame les sourds touchant au plus profond de nos aspirations. (journal des mots n\u00b030, 20 f\u00e9vrier 2012)<\/p>\n","protected":false},"author":1,"featured_media":0,"comment_status":"open","ping_status":"open","sticky":false,"template":"","format":"standard","meta":{"spay_email":"","jetpack_publicize_message":"impossible de psalmodier ces mots http:\/\/wp.me\/pRUp-kx #tikopia","jetpack_is_tweetstorm":false,"jetpack_publicize_feature_enabled":true},"categories":[10,21,22,23,24,26],"tags":[55],"jetpack_featured_media_url":"","jetpack_publicize_connections":[],"jetpack_sharing_enabled":true,"jetpack_shortlink":"https:\/\/wp.me\/p5H0vD-kx","jetpack-related-posts":[{"id":1116,"url":"http:\/\/www.xaviergalaup.net\/tikopia\/2012\/01\/les-mots-au-creux-de-lestomac\/","url_meta":{"origin":1273,"position":0},"title":"les mots au creux de l&rsquo;estomac","date":"27 janvier 2012","format":false,"excerpt":"la folie du vent excite la frustration laissant sans mots les maux partis loin et pourtant encore au creux de l\u2019estomac. (Journal des mots n\u00b012, 22 janvier 2012)","rel":"","context":"Dans &quot;journal des mots&quot;","img":{"alt_text":"","src":"","width":0,"height":0},"classes":[]},{"id":2119,"url":"http:\/\/www.xaviergalaup.net\/tikopia\/2012\/11\/les-mots-qui-coulent-dans-mes-mains\/","url_meta":{"origin":1273,"position":1},"title":"les mots qui coulent dans mes mains","date":"22 novembre 2012","format":false,"excerpt":"Impossible de disjoncter sans les mots qui coulent de mes mains abandonnant les phrases sur la page blanche ces \u00eeles myst\u00e9rieuses et fantastiques qui nous attirent et nous laissent \u00e0 part. (journal des mots n\u00b0126 \/ 30 septembre 2012)","rel":"","context":"Dans &quot;journal des mots&quot;","img":{"alt_text":"","src":"","width":0,"height":0},"classes":[]},{"id":1279,"url":"http:\/\/www.xaviergalaup.net\/tikopia\/2012\/02\/je-vous-dirais-les-mots-troubles\/","url_meta":{"origin":1273,"position":2},"title":"je vous dirais les mots troubles","date":"27 f\u00e9vrier 2012","format":false,"excerpt":"Errant de phrases en images, je vous dirais les mots troubles les mots qu\u2019on dit entre deux eaux les mots qui ne seront jamais heureux qui s\u2019effacent quand on cherche \u00e0 les attraper qui s\u2019effacent au loin et qui ne reviennent jamais (journal des mots n\u00b031\/ 21 f\u00e9vrier 2012)","rel":"","context":"Dans &quot;journal des mots&quot;","img":{"alt_text":"","src":"","width":0,"height":0},"classes":[]},{"id":1199,"url":"http:\/\/www.xaviergalaup.net\/tikopia\/2012\/02\/quand-poudroient-les-idees\/","url_meta":{"origin":1273,"position":3},"title":"quand poudroient les id\u00e9es","date":"12 f\u00e9vrier 2012","format":false,"excerpt":"Quand poudroient les id\u00e9es les poussi\u00e8res de mots s\u2019insinuent \u00e0 l\u2019\u00e9cran pour dessiner la nuance qui manquait au brouhaha (journal des mots n\u00b020b, 8 f\u00e9vrier 2012)","rel":"","context":"Dans &quot;journal des mots&quot;","img":{"alt_text":"","src":"","width":0,"height":0},"classes":[]},{"id":1555,"url":"http:\/\/www.xaviergalaup.net\/tikopia\/2012\/05\/les-mots-se-raturent\/","url_meta":{"origin":1273,"position":4},"title":"les mots se raturent","date":"15 mai 2012","format":false,"excerpt":"A la recherche de soi les mots se raturent esquissant par trop de creux un portrait en renoncement. (journal des mots n\u00b076 \/ 5 mai 2012)","rel":"","context":"Dans &quot;journal des mots&quot;","img":{"alt_text":"","src":"","width":0,"height":0},"classes":[]},{"id":1222,"url":"http:\/\/www.xaviergalaup.net\/tikopia\/2012\/02\/les-mots-sont-des-fantomes\/","url_meta":{"origin":1273,"position":5},"title":"les mots sont des fant\u00f4mes","date":"17 f\u00e9vrier 2012","format":false,"excerpt":"Tragiques, farfelus ou d\u00e9lirants les mots sont des fant\u00f4mes les revenants de nos \u00e2mes qui refusent de mourir. (journal des mots n\u00b023, 12 f\u00e9vrier 2012)","rel":"","context":"Dans &quot;journal des mots&quot;","img":{"alt_text":"","src":"","width":0,"height":0},"classes":[]}],"_links":{"self":[{"href":"http:\/\/www.xaviergalaup.net\/tikopia\/wp-json\/wp\/v2\/posts\/1273"}],"collection":[{"href":"http:\/\/www.xaviergalaup.net\/tikopia\/wp-json\/wp\/v2\/posts"}],"about":[{"href":"http:\/\/www.xaviergalaup.net\/tikopia\/wp-json\/wp\/v2\/types\/post"}],"author":[{"embeddable":true,"href":"http:\/\/www.xaviergalaup.net\/tikopia\/wp-json\/wp\/v2\/users\/1"}],"replies":[{"embeddable":true,"href":"http:\/\/www.xaviergalaup.net\/tikopia\/wp-json\/wp\/v2\/comments?post=1273"}],"version-history":[{"count":0,"href":"http:\/\/www.xaviergalaup.net\/tikopia\/wp-json\/wp\/v2\/posts\/1273\/revisions"}],"wp:attachment":[{"href":"http:\/\/www.xaviergalaup.net\/tikopia\/wp-json\/wp\/v2\/media?parent=1273"}],"wp:term":[{"taxonomy":"category","embeddable":true,"href":"http:\/\/www.xaviergalaup.net\/tikopia\/wp-json\/wp\/v2\/categories?post=1273"},{"taxonomy":"post_tag","embeddable":true,"href":"http:\/\/www.xaviergalaup.net\/tikopia\/wp-json\/wp\/v2\/tags?post=1273"}],"curies":[{"name":"wp","href":"https:\/\/api.w.org\/{rel}","templated":true}]}}