{"id":1249,"date":"2012-02-21T20:11:00","date_gmt":"2012-02-21T18:11:00","guid":{"rendered":"http:\/\/tikopia.wordpress.com\/?p=1249"},"modified":"2012-02-21T20:11:00","modified_gmt":"2012-02-21T18:11:00","slug":"le-pas-des-mots-sur-la-neige","status":"publish","type":"post","link":"http:\/\/www.xaviergalaup.net\/tikopia\/2012\/02\/le-pas-des-mots-sur-la-neige\/","title":{"rendered":"le pas des mots sur la neige"},"content":{"rendered":"<p>Emerveill\u00e9 et inquiet, regarder<br \/>\nle pas des mots sur la neige<br \/>\nIls ne sont pas effac\u00e9s<br \/>\no\u00f9 sont-ils?<\/p>\n<p><em>(journal des mots n\u00b025, 15 f\u00e9vrier 2012)<\/em><\/p>\n","protected":false},"excerpt":{"rendered":"<p>Emerveill\u00e9 et inquiet, regarder le pas des mots sur la neige Ils ne sont pas effac\u00e9s o\u00f9 sont-ils? (journal des mots n\u00b025, 15 f\u00e9vrier 2012)<\/p>\n","protected":false},"author":1,"featured_media":0,"comment_status":"open","ping_status":"open","sticky":false,"template":"","format":"standard","meta":{"spay_email":"","jetpack_publicize_message":"le pas des mots sur la neige http:\/\/wp.me\/pRUp-k9 #tikopia","jetpack_is_tweetstorm":false,"jetpack_publicize_feature_enabled":true},"categories":[10,21,22,23,24,26],"tags":[148],"jetpack_featured_media_url":"","jetpack_publicize_connections":[],"jetpack_sharing_enabled":true,"jetpack_shortlink":"https:\/\/wp.me\/p5H0vD-k9","jetpack-related-posts":[{"id":1502,"url":"http:\/\/www.xaviergalaup.net\/tikopia\/2012\/04\/les-mots-ne-sont-pas-que-des-promesses\/","url_meta":{"origin":1249,"position":0},"title":"les mots ne sont pas que des promesses","date":"21 avril 2012","format":false,"excerpt":"M\u00e9fiance! Les mots ne sont pas que des promesses Ils cr\u00e9ent des utopies Pr\u00eates \u00e0 nous prendre A la gorge (journal des mots n\u00b067 \/ 16 avril 2012)","rel":"","context":"Dans &quot;journal des mots&quot;","img":{"alt_text":"","src":"","width":0,"height":0},"classes":[]},{"id":1429,"url":"http:\/\/www.xaviergalaup.net\/tikopia\/2012\/03\/ceux-qui-ne-pretent-pas-les-mots\/","url_meta":{"origin":1249,"position":1},"title":"ceux qui ne pr\u00eatent pas les mots","date":"31 mars 2012","format":false,"excerpt":"Le doute ronge ceux qui ne pr\u00eatent pas les mots leur esprit s\u2019effrite comme le sable ils sont nulle part. (journal des mots n\u00b056 \/ 29 mars 2012)","rel":"","context":"Dans &quot;journal des mots&quot;","img":{"alt_text":"","src":"","width":0,"height":0},"classes":[]},{"id":2773,"url":"http:\/\/www.xaviergalaup.net\/tikopia\/2021\/02\/tes-pas-sur-la-neige\/","url_meta":{"origin":1249,"position":2},"title":"Tes pas sur la neige","date":"1 f\u00e9vrier 2021","format":false,"excerpt":"Quand s\u2019efface le ciel les mots voudraient d\u00e9crire cette beaut\u00e9 mais la parole saurait-elle si bien direQue reste-t-il de tes pas sur la neige ?(Hochstatt ; Journal des mots, 25 janvier 2021)","rel":"","context":"Dans &quot;fragment po\u00e9tique&quot;","img":{"alt_text":"","src":"","width":0,"height":0},"classes":[]},{"id":1185,"url":"http:\/\/www.xaviergalaup.net\/tikopia\/2012\/02\/ne-pas-segarer-dans-la-folie-des-mots\/","url_meta":{"origin":1249,"position":3},"title":"ne pas s&rsquo;egarer dans la folie des mots","date":"10 f\u00e9vrier 2012","format":false,"excerpt":"Ne pas s\u2019\u00e9garer dans la folie Collectionner joyeusement les mots les assembler \u00e0 voix haute et souffler les vers sur la page (journal des mots, n\u00b019\/ 7 f\u00e9vrier 2012)","rel":"","context":"Dans &quot;journal des mots&quot;","img":{"alt_text":"","src":"","width":0,"height":0},"classes":[]},{"id":2900,"url":"http:\/\/www.xaviergalaup.net\/tikopia\/2021\/04\/la-neige-cet-affolement-des-anges\/","url_meta":{"origin":1249,"position":4},"title":"La neige cet affolement des anges","date":"13 avril 2021","format":false,"excerpt":"La neige cet affolement des angesLes mots d\u00e9posent ces quelques flocons dans votre t\u00eatela parole vous all\u00e8ge peut \u00eatre de vos angoisseslaissez donc vos pas r\u00eaver.(Hochstatt, Journal des Mots 13 mars 2021)","rel":"","context":"Dans &quot;journal des mots&quot;","img":{"alt_text":"","src":"","width":0,"height":0},"classes":[]},{"id":1646,"url":"http:\/\/www.xaviergalaup.net\/tikopia\/2012\/06\/les-mots-ne-sont-jamais-immobiles\/","url_meta":{"origin":1249,"position":5},"title":"les mots ne sont jamais immobiles","date":"10 juin 2012","format":false,"excerpt":"D\u00e9chirant la page les mots ne sont jamais immobiles avec leurs musiques m\u00e9tisses ils griffent l\u2019\u00e9piderme de notre imagination. (journal des mots n\u00b090 \/ 26 mai 2012)","rel":"","context":"Dans &quot;journal des mots&quot;","img":{"alt_text":"","src":"","width":0,"height":0},"classes":[]}],"_links":{"self":[{"href":"http:\/\/www.xaviergalaup.net\/tikopia\/wp-json\/wp\/v2\/posts\/1249"}],"collection":[{"href":"http:\/\/www.xaviergalaup.net\/tikopia\/wp-json\/wp\/v2\/posts"}],"about":[{"href":"http:\/\/www.xaviergalaup.net\/tikopia\/wp-json\/wp\/v2\/types\/post"}],"author":[{"embeddable":true,"href":"http:\/\/www.xaviergalaup.net\/tikopia\/wp-json\/wp\/v2\/users\/1"}],"replies":[{"embeddable":true,"href":"http:\/\/www.xaviergalaup.net\/tikopia\/wp-json\/wp\/v2\/comments?post=1249"}],"version-history":[{"count":0,"href":"http:\/\/www.xaviergalaup.net\/tikopia\/wp-json\/wp\/v2\/posts\/1249\/revisions"}],"wp:attachment":[{"href":"http:\/\/www.xaviergalaup.net\/tikopia\/wp-json\/wp\/v2\/media?parent=1249"}],"wp:term":[{"taxonomy":"category","embeddable":true,"href":"http:\/\/www.xaviergalaup.net\/tikopia\/wp-json\/wp\/v2\/categories?post=1249"},{"taxonomy":"post_tag","embeddable":true,"href":"http:\/\/www.xaviergalaup.net\/tikopia\/wp-json\/wp\/v2\/tags?post=1249"}],"curies":[{"name":"wp","href":"https:\/\/api.w.org\/{rel}","templated":true}]}}