{"id":1185,"date":"2012-02-10T20:06:57","date_gmt":"2012-02-10T18:06:57","guid":{"rendered":"http:\/\/tikopia.wordpress.com\/?p=1185"},"modified":"2012-02-10T20:06:57","modified_gmt":"2012-02-10T18:06:57","slug":"ne-pas-segarer-dans-la-folie-des-mots","status":"publish","type":"post","link":"http:\/\/www.xaviergalaup.net\/tikopia\/2012\/02\/ne-pas-segarer-dans-la-folie-des-mots\/","title":{"rendered":"ne pas s&rsquo;egarer dans la folie des mots"},"content":{"rendered":"<p>Ne pas s\u2019\u00e9garer dans la folie<br \/>\nCollectionner joyeusement les mots<br \/>\nles assembler \u00e0 voix haute<br \/>\net souffler les vers sur la page<\/p>\n<p><em>(journal des mots, n\u00b019\/ 7 f\u00e9vrier 2012)<\/em><\/p>\n","protected":false},"excerpt":{"rendered":"<p>Ne pas s\u2019\u00e9garer dans la folie Collectionner joyeusement les mots les assembler \u00e0 voix haute et souffler les vers sur la page (journal des mots, n\u00b019\/ 7 f\u00e9vrier 2012)<\/p>\n","protected":false},"author":1,"featured_media":0,"comment_status":"open","ping_status":"open","sticky":false,"template":"","format":"standard","meta":{"spay_email":"","jetpack_publicize_message":"ne pas s'egarer dans la folie des mots http:\/\/wp.me\/pRUp-j7","jetpack_is_tweetstorm":false,"jetpack_publicize_feature_enabled":true},"categories":[10,21,22,23,24,26],"tags":[56,174],"jetpack_featured_media_url":"","jetpack_publicize_connections":[],"jetpack_sharing_enabled":true,"jetpack_shortlink":"https:\/\/wp.me\/p5H0vD-j7","jetpack-related-posts":[{"id":1498,"url":"http:\/\/www.xaviergalaup.net\/tikopia\/2012\/04\/les-mots-se-sont-defaits\/","url_meta":{"origin":1185,"position":0},"title":"les mots se sont d\u00e9faits","date":"20 avril 2012","format":false,"excerpt":"D\u2019un souffle \u00e0 l\u2019autre les mots se sont d\u00e9faits et la folie scintille ne pas rentrer dans son ch\u00e2teau (journal des mots n\u00b066 \/ 15 avril 2012)","rel":"","context":"Dans &quot;journal des mots&quot;","img":{"alt_text":"","src":"","width":0,"height":0},"classes":[]},{"id":1287,"url":"http:\/\/www.xaviergalaup.net\/tikopia\/2012\/02\/chanter-a-en-perdre-les-mots\/","url_meta":{"origin":1185,"position":1},"title":"chanter \u00e0 en perdre les mots","date":"28 f\u00e9vrier 2012","format":false,"excerpt":"Chanter \u00e0 en perdre les mots la folie est douce compar\u00e9e aux ravages des indiff\u00e9rents (journal des mots n\u00b032\/ 22 f\u00e9vrier 2012)","rel":"","context":"Dans &quot;journal des mots&quot;","img":{"alt_text":"","src":"","width":0,"height":0},"classes":[]},{"id":2771,"url":"http:\/\/www.xaviergalaup.net\/tikopia\/2021\/02\/les-mots-sont-saisis-de-folie\/","url_meta":{"origin":1185,"position":2},"title":"les mots sont saisis de folie","date":"2 f\u00e9vrier 2021","format":false,"excerpt":"Chocs et rebondissementsles mots sont saisis de folie la parole se casse bizarrement ne pas regarder l\u2019\u0153il de Ca\u00efn.(Hochstatt ; Journal des Mots 26 janvier 2021)","rel":"","context":"Dans &quot;fragment po\u00e9tique&quot;","img":{"alt_text":"","src":"","width":0,"height":0},"classes":[]},{"id":2379,"url":"http:\/\/www.xaviergalaup.net\/tikopia\/2013\/09\/les-mots-segarent\/","url_meta":{"origin":1185,"position":3},"title":"les mots s&rsquo;\u00e9garent","date":"10 septembre 2013","format":false,"excerpt":"Quand il manque un grain de folie les mots s\u2019\u00e9garent dans les plis de la tristesse. (journal des mots n\u00b0166 \/ 28 juin 2013)","rel":"","context":"Dans &quot;journal des mots&quot;","img":{"alt_text":"","src":"","width":0,"height":0},"classes":[]},{"id":1116,"url":"http:\/\/www.xaviergalaup.net\/tikopia\/2012\/01\/les-mots-au-creux-de-lestomac\/","url_meta":{"origin":1185,"position":4},"title":"les mots au creux de l&rsquo;estomac","date":"27 janvier 2012","format":false,"excerpt":"la folie du vent excite la frustration laissant sans mots les maux partis loin et pourtant encore au creux de l\u2019estomac. (Journal des mots n\u00b012, 22 janvier 2012)","rel":"","context":"Dans &quot;journal des mots&quot;","img":{"alt_text":"","src":"","width":0,"height":0},"classes":[]},{"id":2141,"url":"http:\/\/www.xaviergalaup.net\/tikopia\/2012\/12\/les-mots-retardent-laveuglement\/","url_meta":{"origin":1185,"position":5},"title":"les mots retardent l&rsquo;aveuglement","date":"2 d\u00e9cembre 2012","format":false,"excerpt":"Tout s'efface, les mots retardent l'aveuglement effleur\u00e9 par leur musique le corps se baignent joyeusement d'images. (journal des mots n\u00b0130 \/ 1er novembre 2012)","rel":"","context":"Dans &quot;journal des mots&quot;","img":{"alt_text":"","src":"","width":0,"height":0},"classes":[]}],"_links":{"self":[{"href":"http:\/\/www.xaviergalaup.net\/tikopia\/wp-json\/wp\/v2\/posts\/1185"}],"collection":[{"href":"http:\/\/www.xaviergalaup.net\/tikopia\/wp-json\/wp\/v2\/posts"}],"about":[{"href":"http:\/\/www.xaviergalaup.net\/tikopia\/wp-json\/wp\/v2\/types\/post"}],"author":[{"embeddable":true,"href":"http:\/\/www.xaviergalaup.net\/tikopia\/wp-json\/wp\/v2\/users\/1"}],"replies":[{"embeddable":true,"href":"http:\/\/www.xaviergalaup.net\/tikopia\/wp-json\/wp\/v2\/comments?post=1185"}],"version-history":[{"count":0,"href":"http:\/\/www.xaviergalaup.net\/tikopia\/wp-json\/wp\/v2\/posts\/1185\/revisions"}],"wp:attachment":[{"href":"http:\/\/www.xaviergalaup.net\/tikopia\/wp-json\/wp\/v2\/media?parent=1185"}],"wp:term":[{"taxonomy":"category","embeddable":true,"href":"http:\/\/www.xaviergalaup.net\/tikopia\/wp-json\/wp\/v2\/categories?post=1185"},{"taxonomy":"post_tag","embeddable":true,"href":"http:\/\/www.xaviergalaup.net\/tikopia\/wp-json\/wp\/v2\/tags?post=1185"}],"curies":[{"name":"wp","href":"https:\/\/api.w.org\/{rel}","templated":true}]}}