{"id":1091,"date":"2012-01-20T20:16:24","date_gmt":"2012-01-20T18:16:24","guid":{"rendered":"http:\/\/tikopia.wordpress.com\/?p=1080"},"modified":"2012-01-20T20:16:24","modified_gmt":"2012-01-20T18:16:24","slug":"la-douleur-ne-luit-pas-la-nuit","status":"publish","type":"post","link":"http:\/\/www.xaviergalaup.net\/tikopia\/2012\/01\/la-douleur-ne-luit-pas-la-nuit\/","title":{"rendered":"la douleur ne luit pas la nuit"},"content":{"rendered":"<p>La douleur ne luit pas la nuit<br \/>\njuste sombrer loin<br \/>\nd\u00e9r\u00e9liction<br \/>\nl\u2019absence de mots s\u2019aggrave<\/p>\n<p><em>(journal des mots n\u00b08, 15 janvier 2012)<\/em><\/p>\n","protected":false},"excerpt":{"rendered":"<p>La douleur ne luit pas la nuit juste sombrer loin d\u00e9r\u00e9liction l\u2019absence de mots s\u2019aggrave (journal des mots n\u00b08, 15 janvier 2012)<\/p>\n","protected":false},"author":1,"featured_media":0,"comment_status":"open","ping_status":"open","sticky":false,"template":"","format":"standard","meta":{"spay_email":"","jetpack_publicize_message":"la douleur ne luit pas la nuit","jetpack_is_tweetstorm":false,"jetpack_publicize_feature_enabled":true},"categories":[10,21,22,23,24,26],"tags":[35,149],"jetpack_featured_media_url":"","jetpack_publicize_connections":[],"jetpack_sharing_enabled":true,"jetpack_shortlink":"https:\/\/wp.me\/p5H0vD-hB","jetpack-related-posts":[{"id":1087,"url":"http:\/\/www.xaviergalaup.net\/tikopia\/2012\/01\/les-minutes-juste-avant-la-nuit\/","url_meta":{"origin":1091,"position":0},"title":"les minutes juste avant la nuit","date":"18 janvier 2012","format":false,"excerpt":"Les minutes juste avant la nuit les mots refusent de s\u2019accrocher \u00e0 la page ils profitent d\u2019un moment d\u2019inattention se fixer aux lieux communs et se faire d\u00e9tester (journal des mots n\u00b0 7, 11 janvier 2012)","rel":"","context":"Dans &quot;journal des mots&quot;","img":{"alt_text":"","src":"","width":0,"height":0},"classes":[]},{"id":2351,"url":"http:\/\/www.xaviergalaup.net\/tikopia\/2013\/06\/le-bandoneon-chante-la-douleur-juste-avant-les-mots\/","url_meta":{"origin":1091,"position":1},"title":"le bandon\u00e9on chante la douleur juste avant les mots","date":"29 juin 2013","format":false,"excerpt":"Sous l\u2019ombre du tango le bandon\u00e9on chante la douleur juste avant les mots et quand le violon s\u2019arr\u00eate dans un souffle les regrets deviennent une note l\u00e9g\u00e8re de celle qui passe presque inaper\u00e7ue. (journal des mots n\u00b0161 \/ 2 juin 2013)","rel":"","context":"Dans &quot;journal des mots&quot;","img":{"alt_text":"","src":"","width":0,"height":0},"classes":[]},{"id":1679,"url":"http:\/\/www.xaviergalaup.net\/tikopia\/2012\/06\/les-mots-bleus-de-nuit-seffacent\/","url_meta":{"origin":1091,"position":2},"title":"les mots bleus de nuit s&rsquo;effacent","date":"18 juin 2012","format":false,"excerpt":"Arrachant la souffrance les mots bleus de nuit s\u2019effacent le malaise reste encore diffus jusqu\u2019\u00e0 la premi\u00e8re \u00e9toile. (journal des mots n\u00b096 \/ 12 juin 2012)","rel":"","context":"Dans &quot;journal des mots&quot;","img":{"alt_text":"","src":"","width":0,"height":0},"classes":[]},{"id":1172,"url":"http:\/\/www.xaviergalaup.net\/tikopia\/2012\/02\/quand-on-cherche-ses-mots\/","url_meta":{"origin":1091,"position":3},"title":"quand on cherche ses mots","date":"7 f\u00e9vrier 2012","format":false,"excerpt":"Quand on cherche ses mots il faut souvent aller au plus simple pour ne pas jouer avec ses \u00e9motions (journal des mots n\u00b017\/ 31 janvier)","rel":"","context":"Dans &quot;journal des mots&quot;","img":{"alt_text":"","src":"","width":0,"height":0},"classes":[]},{"id":1082,"url":"http:\/\/www.xaviergalaup.net\/tikopia\/2012\/01\/juste-une-petite-foulure-dans-leconomie\/","url_meta":{"origin":1091,"position":4},"title":"juste une petite foulure dans l&rsquo;\u00e9conomie","date":"14 janvier 2012","format":false,"excerpt":"le bal des mots idiots b\u00e2t son plein de r\u00e9ussite, de bonheur, de plaisir les mots mauvais sont au coin qui rit qui rit qui rit non ce n\u2019est pas la crise juste une petite foulure dans l\u2019\u00e9conomie (journal des mots, 5, 9 janvier 2012)","rel":"","context":"Dans &quot;journal des mots&quot;","img":{"alt_text":"","src":"","width":0,"height":0},"classes":[]},{"id":1084,"url":"http:\/\/www.xaviergalaup.net\/tikopia\/2012\/01\/ne-pas-jeter-les-mots\/","url_meta":{"origin":1091,"position":5},"title":"ne pas jeter les mots","date":"15 janvier 2012","format":false,"excerpt":"Avant la haine ne pas jeter les mots sur un dr\u00f4le de ton non ne pas \u00eatre triste, r\u00e9sister on ne se d\u00e9barrasse pas de moi comme \u00e7a (journal des mots, 6, 10 janvier 2012)","rel":"","context":"Dans &quot;journal des mots&quot;","img":{"alt_text":"","src":"","width":0,"height":0},"classes":[]}],"_links":{"self":[{"href":"http:\/\/www.xaviergalaup.net\/tikopia\/wp-json\/wp\/v2\/posts\/1091"}],"collection":[{"href":"http:\/\/www.xaviergalaup.net\/tikopia\/wp-json\/wp\/v2\/posts"}],"about":[{"href":"http:\/\/www.xaviergalaup.net\/tikopia\/wp-json\/wp\/v2\/types\/post"}],"author":[{"embeddable":true,"href":"http:\/\/www.xaviergalaup.net\/tikopia\/wp-json\/wp\/v2\/users\/1"}],"replies":[{"embeddable":true,"href":"http:\/\/www.xaviergalaup.net\/tikopia\/wp-json\/wp\/v2\/comments?post=1091"}],"version-history":[{"count":0,"href":"http:\/\/www.xaviergalaup.net\/tikopia\/wp-json\/wp\/v2\/posts\/1091\/revisions"}],"wp:attachment":[{"href":"http:\/\/www.xaviergalaup.net\/tikopia\/wp-json\/wp\/v2\/media?parent=1091"}],"wp:term":[{"taxonomy":"category","embeddable":true,"href":"http:\/\/www.xaviergalaup.net\/tikopia\/wp-json\/wp\/v2\/categories?post=1091"},{"taxonomy":"post_tag","embeddable":true,"href":"http:\/\/www.xaviergalaup.net\/tikopia\/wp-json\/wp\/v2\/tags?post=1091"}],"curies":[{"name":"wp","href":"https:\/\/api.w.org\/{rel}","templated":true}]}}