{"id":1056,"date":"2011-06-04T17:54:20","date_gmt":"2011-06-04T15:54:20","guid":{"rendered":"http:\/\/tikopia.wordpress.com\/?p=936"},"modified":"2011-06-04T17:54:20","modified_gmt":"2011-06-04T15:54:20","slug":"il-ny-a-que-le-pas-du-temps","status":"publish","type":"post","link":"http:\/\/www.xaviergalaup.net\/tikopia\/2011\/06\/il-ny-a-que-le-pas-du-temps\/","title":{"rendered":"il n&rsquo;y a que le pas du temps"},"content":{"rendered":"<p>Il n\u2019y a que le pas du temps pour apaiser mes r\u00eaves<\/p>\n","protected":false},"excerpt":{"rendered":"<p>Il n\u2019y a que le pas du temps pour apaiser mes r\u00eaves<\/p>\n","protected":false},"author":1,"featured_media":0,"comment_status":"open","ping_status":"open","sticky":false,"template":"","format":"standard","meta":{"spay_email":"","jetpack_publicize_message":"","jetpack_is_tweetstorm":false,"jetpack_publicize_feature_enabled":true},"categories":[20],"tags":[],"jetpack_featured_media_url":"","jetpack_publicize_connections":[],"jetpack_sharing_enabled":true,"jetpack_shortlink":"https:\/\/wp.me\/p5H0vD-h2","jetpack-related-posts":[{"id":762,"url":"http:\/\/www.xaviergalaup.net\/tikopia\/2008\/04\/prison-en-double\/","url_meta":{"origin":1056,"position":0},"title":"Prison en double","date":"20 avril 2008","format":false,"excerpt":"Voici deux inspirations diff\u00e9rentes \u00e0 partir de la m\u00eame photo 1 Qui osera franchir cette limite, faire ce pas de l'autre cot\u00e9, regarder au-del\u00e0 des barbel\u00e9s Il n'y a pas que le vent qui cherche \u00e0 parcourir le monde 2 Ces fils barbel\u00e9s me hantent comme le crissement de mes\u2026","rel":"","context":"Dans &quot;photos&quot;","img":{"alt_text":"","src":"","width":0,"height":0},"classes":[]},{"id":1076,"url":"http:\/\/www.xaviergalaup.net\/tikopia\/2012\/01\/apaiser-leau-troublee-du-monde\/","url_meta":{"origin":1056,"position":1},"title":"apaiser l&rsquo;eau troubl\u00e9e du monde","date":"8 janvier 2012","format":false,"excerpt":"il y a des jours o\u00f9 l\u2019on aimerait qu\u2019un ange passe apaiser l\u2019eau troubl\u00e9e du monde (phrase du jour, 8 janvier 2012)","rel":"","context":"Dans &quot;phrase du jour&quot;","img":{"alt_text":"","src":"","width":0,"height":0},"classes":[]},{"id":655,"url":"http:\/\/www.xaviergalaup.net\/tikopia\/2007\/01\/tempete\/","url_meta":{"origin":1056,"position":2},"title":"temp\u00eate","date":"28 janvier 2007","format":false,"excerpt":"Ne le dis \u00e0 personne, j'ai mon coin de paradis, je r\u00eave devant ce petit \u00e9tang, ne le dis \u00e0 personne, je pars respirer l'ailleurs, je refais ma vie devant ce petit \u00e9tang, ne le dis \u00e0 personne, j'ai une temp\u00eate dans ma vie, une partie de mon coin de\u2026","rel":"","context":"Dans &quot;photos&quot;","img":{"alt_text":"","src":"","width":0,"height":0},"classes":[]},{"id":2594,"url":"http:\/\/www.xaviergalaup.net\/tikopia\/2019\/05\/la-chanson-de-roland-atelier-nouvelle-f-bon-proposition-10\/","url_meta":{"origin":1056,"position":3},"title":"La chanson de Roland (atelier nouvelle F. Bon, proposition 10)","date":"5 mai 2019","format":false,"excerpt":"La chanson de Roland (version 1)Je l'ai crois\u00e9 plusieurs fois sur la plage. Lorsqu'il marchait en regardant l'horizon, Roland avait tour \u00e0 tour l'air r\u00eaveur, pensif et parfois triste. La premi\u00e8re fois que je l'ai dessin\u00e9, c'\u00e9tait en cachette, il \u00e9tait assis sur un banc face \u00e0 l'oc\u00e9an et il\u2026","rel":"","context":"Dans &quot;atelier f-bon&quot;","img":{"alt_text":"","src":"","width":0,"height":0},"classes":[]},{"id":2555,"url":"http:\/\/www.xaviergalaup.net\/tikopia\/2019\/03\/atelier-decriture-hiver-2018-2019-f-bon-proposition-2\/","url_meta":{"origin":1056,"position":4},"title":"Atelier d\u2019\u00e9criture Hiver 2018-2019 F. Bon, proposition 2","date":"25 mars 2019","format":false,"excerpt":"\u2026 je ne suis jamais sortie du ravissement, ce moment r\u00eav\u00e9 de l\u2019amour, juste apr\u00e8s la rencontre, ce regard qui dit presque tout et pourtant, cette mati\u00e8re au songe quand, dans mon lit, je tente de revivre la sc\u00e8ne, je prends le temps de go\u00fbter et d\u2019approfondir chaque d\u00e9tail, le\u2026","rel":"","context":"Dans &quot;inspirations diverses&quot;","img":{"alt_text":"","src":"","width":0,"height":0},"classes":[]},{"id":2111,"url":"http:\/\/www.xaviergalaup.net\/tikopia\/2012\/11\/photo-du-jour-le-7-septembre-2012\/","url_meta":{"origin":1056,"position":5},"title":"Photo du jour le 7 septembre 2012","date":"18 novembre 2012","format":false,"excerpt":"Dans ce atmosph\u00e8re de fin d\u2019\u00e9t\u00e9, je regarde mes enfants jouer au loin sur la passerelle, je me sens \u00e9tonnamment calme, je n\u2019ai plus peur pour eux, il y a quelque temps je n\u2019aurais pas support\u00e9 qu\u2019ils soient si loin, qu\u2019ils jouent en hauteur, qu\u2019ils ne m\u2019\u00e9coutent pas, je leur\u2026","rel":"","context":"Dans &quot;fragments d'une histoire&quot;","img":{"alt_text":"","src":"","width":0,"height":0},"classes":[]}],"_links":{"self":[{"href":"http:\/\/www.xaviergalaup.net\/tikopia\/wp-json\/wp\/v2\/posts\/1056"}],"collection":[{"href":"http:\/\/www.xaviergalaup.net\/tikopia\/wp-json\/wp\/v2\/posts"}],"about":[{"href":"http:\/\/www.xaviergalaup.net\/tikopia\/wp-json\/wp\/v2\/types\/post"}],"author":[{"embeddable":true,"href":"http:\/\/www.xaviergalaup.net\/tikopia\/wp-json\/wp\/v2\/users\/1"}],"replies":[{"embeddable":true,"href":"http:\/\/www.xaviergalaup.net\/tikopia\/wp-json\/wp\/v2\/comments?post=1056"}],"version-history":[{"count":0,"href":"http:\/\/www.xaviergalaup.net\/tikopia\/wp-json\/wp\/v2\/posts\/1056\/revisions"}],"wp:attachment":[{"href":"http:\/\/www.xaviergalaup.net\/tikopia\/wp-json\/wp\/v2\/media?parent=1056"}],"wp:term":[{"taxonomy":"category","embeddable":true,"href":"http:\/\/www.xaviergalaup.net\/tikopia\/wp-json\/wp\/v2\/categories?post=1056"},{"taxonomy":"post_tag","embeddable":true,"href":"http:\/\/www.xaviergalaup.net\/tikopia\/wp-json\/wp\/v2\/tags?post=1056"}],"curies":[{"name":"wp","href":"https:\/\/api.w.org\/{rel}","templated":true}]}}