{"id":1054,"date":"2011-06-03T18:33:57","date_gmt":"2011-06-03T16:33:57","guid":{"rendered":"http:\/\/tikopia.wordpress.com\/?p=931"},"modified":"2011-06-03T18:33:57","modified_gmt":"2011-06-03T16:33:57","slug":"la-poesie-rit-de-sculpter-le-ciel","status":"publish","type":"post","link":"http:\/\/www.xaviergalaup.net\/tikopia\/2011\/06\/la-poesie-rit-de-sculpter-le-ciel\/","title":{"rendered":"la po\u00e9sie rit de sculpter le ciel"},"content":{"rendered":"<p>La po\u00e9sie rit de sculpter le ciel avec ces nuages de mots.<\/p>\n","protected":false},"excerpt":{"rendered":"<p>La po\u00e9sie rit de sculpter le ciel avec ces nuages de mots.<\/p>\n","protected":false},"author":1,"featured_media":0,"comment_status":"open","ping_status":"open","sticky":false,"template":"","format":"standard","meta":{"spay_email":"","jetpack_publicize_message":"","jetpack_is_tweetstorm":false,"jetpack_publicize_feature_enabled":true},"categories":[20],"tags":[],"jetpack_featured_media_url":"","jetpack_publicize_connections":[],"jetpack_sharing_enabled":true,"jetpack_shortlink":"https:\/\/wp.me\/p5H0vD-h0","jetpack-related-posts":[{"id":1262,"url":"http:\/\/www.xaviergalaup.net\/tikopia\/2012\/02\/sculpter-les-nuages\/","url_meta":{"origin":1054,"position":0},"title":"sculpter les nuages","date":"23 f\u00e9vrier 2012","format":false,"excerpt":"Sculpter les nuages frisonne la lumi\u00e8re \u00e9crire les contours d\u2019une histoire \u00eatre \u00e9bloui changer d\u2019apr\u00e8s le photoblog dream about your life & live your dream, inspir\u00e9 de la photo Note58","rel":"","context":"Dans &quot;photos&quot;","img":{"alt_text":"","src":"","width":0,"height":0},"classes":[]},{"id":938,"url":"http:\/\/www.xaviergalaup.net\/tikopia\/2009\/10\/sculpter-son-esprit\/","url_meta":{"origin":1054,"position":1},"title":"Sculpter son esprit","date":"25 octobre 2009","format":false,"excerpt":"Sculpter le nuage et faire saillir les reliefs de son esprit m\u00e9tallique capable de tracer \u00e0 la l\u00e9g\u00e8re ses bleus \u00e0 l'\u00e2me. d'apr\u00e8s le photoblog Franscico Diaz Photoblog, inspir\u00e9 de la photo Rodin:Pierre de Wissant","rel":"","context":"Dans &quot;photos&quot;","img":{"alt_text":"","src":"","width":0,"height":0},"classes":[]},{"id":931,"url":"http:\/\/www.xaviergalaup.net\/tikopia\/2009\/11\/le-toucher-des-nuages\/","url_meta":{"origin":1054,"position":2},"title":"Le toucher des nuages","date":"15 novembre 2009","format":false,"excerpt":"Je regardais cette suite d'amis dans le ciel de leur toucher l\u00e9ger apaiser mes pens\u00e9es d'apr\u00e8s le blog la langue des papillons, inspir\u00e9 de la photo Nuages juillet","rel":"","context":"Dans &quot;photos&quot;","img":{"alt_text":"","src":"","width":0,"height":0},"classes":[]},{"id":1067,"url":"http:\/\/www.xaviergalaup.net\/tikopia\/2012\/01\/des-nuages-ecorches-secoulent\/","url_meta":{"origin":1054,"position":3},"title":"des nuages \u00e9corch\u00e9s s&rsquo;\u00e9coulent&#8230;","date":"1 janvier 2012","format":false,"excerpt":"des nuages \u00e9corch\u00e9s s\u2019\u00e9coulent le ciel des mots","rel":"","context":"Dans &quot;phrase du jour&quot;","img":{"alt_text":"","src":"","width":0,"height":0},"classes":[]},{"id":625,"url":"http:\/\/www.xaviergalaup.net\/tikopia\/2006\/03\/reve-darbre\/","url_meta":{"origin":1054,"position":4},"title":"R\u00eave d&rsquo;arbre","date":"2 mars 2006","format":false,"excerpt":"D\u00e9pouill\u00e9 de tout, l'arbre attend Tristes pas sur la neige Qui ne veulent pas Approcher et toucher Lui qui monte au ciel Il rit d'infini Heureux d'avoir les pieds sur terre Les branches en \u00e9toiles pr\u00eates \u00e0 applaudir L'\u00e9clat d'une voix qui saura lui parler. d'apr\u00e8s la photo A la\u2026","rel":"","context":"Dans &quot;photos&quot;","img":{"alt_text":"","src":"","width":0,"height":0},"classes":[]},{"id":822,"url":"http:\/\/www.xaviergalaup.net\/tikopia\/2009\/02\/poeme-dair-et-de-nature-3\/","url_meta":{"origin":1054,"position":5},"title":"Po\u00e8me d&rsquo;air et de nature 3","date":"2 f\u00e9vrier 2009","format":false,"excerpt":"(...) effondr\u00e9 sur les fleurs, je me mis \u00e0 souffler les p\u00e9tales, j'\u00e9crivais mes bleus au ciel, je murmurais mes secrets au pollen, j'hypnotisais les pistils avec mes espoirs, ... plus tard je fermais les yeux pour laisser mes mains d\u00e9chiqueter les nuages avec les phrases du po\u00e8me, cette ode\u2026","rel":"","context":"Dans &quot;photos&quot;","img":{"alt_text":"","src":"","width":0,"height":0},"classes":[]}],"_links":{"self":[{"href":"http:\/\/www.xaviergalaup.net\/tikopia\/wp-json\/wp\/v2\/posts\/1054"}],"collection":[{"href":"http:\/\/www.xaviergalaup.net\/tikopia\/wp-json\/wp\/v2\/posts"}],"about":[{"href":"http:\/\/www.xaviergalaup.net\/tikopia\/wp-json\/wp\/v2\/types\/post"}],"author":[{"embeddable":true,"href":"http:\/\/www.xaviergalaup.net\/tikopia\/wp-json\/wp\/v2\/users\/1"}],"replies":[{"embeddable":true,"href":"http:\/\/www.xaviergalaup.net\/tikopia\/wp-json\/wp\/v2\/comments?post=1054"}],"version-history":[{"count":0,"href":"http:\/\/www.xaviergalaup.net\/tikopia\/wp-json\/wp\/v2\/posts\/1054\/revisions"}],"wp:attachment":[{"href":"http:\/\/www.xaviergalaup.net\/tikopia\/wp-json\/wp\/v2\/media?parent=1054"}],"wp:term":[{"taxonomy":"category","embeddable":true,"href":"http:\/\/www.xaviergalaup.net\/tikopia\/wp-json\/wp\/v2\/categories?post=1054"},{"taxonomy":"post_tag","embeddable":true,"href":"http:\/\/www.xaviergalaup.net\/tikopia\/wp-json\/wp\/v2\/tags?post=1054"}],"curies":[{"name":"wp","href":"https:\/\/api.w.org\/{rel}","templated":true}]}}