{"id":1046,"date":"2011-05-14T17:46:21","date_gmt":"2011-05-14T15:46:21","guid":{"rendered":"http:\/\/tikopia.wordpress.com\/?p=895"},"modified":"2011-05-14T17:46:21","modified_gmt":"2011-05-14T15:46:21","slug":"lespace-dun-r","status":"publish","type":"post","link":"http:\/\/www.xaviergalaup.net\/tikopia\/2011\/05\/lespace-dun-r\/","title":{"rendered":"l&rsquo;espace d&rsquo;un R"},"content":{"rendered":"<p>entre mot et mort, il y a l&rsquo;espace d&rsquo;un r<\/p>\n","protected":false},"excerpt":{"rendered":"<p>entre mot et mort, il y a l&rsquo;espace d&rsquo;un r<\/p>\n","protected":false},"author":1,"featured_media":0,"comment_status":"open","ping_status":"open","sticky":false,"template":"","format":"standard","meta":{"spay_email":"","jetpack_publicize_message":"","jetpack_is_tweetstorm":false,"jetpack_publicize_feature_enabled":true},"categories":[20],"tags":[],"jetpack_featured_media_url":"","jetpack_publicize_connections":[],"jetpack_sharing_enabled":true,"jetpack_shortlink":"https:\/\/wp.me\/p5H0vD-gS","jetpack-related-posts":[{"id":1094,"url":"http:\/\/www.xaviergalaup.net\/tikopia\/2012\/01\/photo-du-20-janvier-2012\/","url_meta":{"origin":1046,"position":0},"title":"Photo du 20 janvier 2012","date":"22 janvier 2012","format":false,"excerpt":"j\u2019en ai pleur\u00e9, comme un gamin, quand je me suis pos\u00e9 sur ce b\u00e2teau, tout ce monde autour et la houle, l\u00e9g\u00e8re comme une main qui berce, la gorge d\u2019abord nou\u00e9e je regardais autour de moi, premier jour en plein air depuis des lustres, je ne me souvenais plus du\u2026","rel":"","context":"Dans &quot;micro-fictions&quot;","img":{"alt_text":"","src":"","width":0,"height":0},"classes":[]},{"id":1324,"url":"http:\/\/www.xaviergalaup.net\/tikopia\/2012\/03\/errance-dun-mot\/","url_meta":{"origin":1046,"position":1},"title":"errance d&rsquo;un mot","date":"5 mars 2012","format":false,"excerpt":"Sur fond de musiques absurdes, je me suis perdu dans les rues \u00e0 la recherche d\u2019un mot, je croyais l\u2019avoir sur le bout de la langue mais en fait il \u00e9tait dans les airs, il s\u2019enfuyait et se posait deci del\u00e0, sur les \u00e9pices ou dans l\u2019herbe ou au bord\u2026","rel":"","context":"Dans &quot;fragment po\u00e9tique&quot;","img":{"alt_text":"","src":"","width":0,"height":0},"classes":[]},{"id":2555,"url":"http:\/\/www.xaviergalaup.net\/tikopia\/2019\/03\/atelier-decriture-hiver-2018-2019-f-bon-proposition-2\/","url_meta":{"origin":1046,"position":2},"title":"Atelier d\u2019\u00e9criture Hiver 2018-2019 F. Bon, proposition 2","date":"25 mars 2019","format":false,"excerpt":"\u2026 je ne suis jamais sortie du ravissement, ce moment r\u00eav\u00e9 de l\u2019amour, juste apr\u00e8s la rencontre, ce regard qui dit presque tout et pourtant, cette mati\u00e8re au songe quand, dans mon lit, je tente de revivre la sc\u00e8ne, je prends le temps de go\u00fbter et d\u2019approfondir chaque d\u00e9tail, le\u2026","rel":"","context":"Dans &quot;inspirations diverses&quot;","img":{"alt_text":"","src":"","width":0,"height":0},"classes":[]},{"id":2594,"url":"http:\/\/www.xaviergalaup.net\/tikopia\/2019\/05\/la-chanson-de-roland-atelier-nouvelle-f-bon-proposition-10\/","url_meta":{"origin":1046,"position":3},"title":"La chanson de Roland (atelier nouvelle F. Bon, proposition 10)","date":"5 mai 2019","format":false,"excerpt":"La chanson de Roland (version 1)Je l'ai crois\u00e9 plusieurs fois sur la plage. Lorsqu'il marchait en regardant l'horizon, Roland avait tour \u00e0 tour l'air r\u00eaveur, pensif et parfois triste. La premi\u00e8re fois que je l'ai dessin\u00e9, c'\u00e9tait en cachette, il \u00e9tait assis sur un banc face \u00e0 l'oc\u00e9an et il\u2026","rel":"","context":"Dans &quot;atelier f-bon&quot;","img":{"alt_text":"","src":"","width":0,"height":0},"classes":[]},{"id":953,"url":"http:\/\/www.xaviergalaup.net\/tikopia\/2010\/01\/feuille-etrange\/","url_meta":{"origin":1046,"position":4},"title":"Feuille \u00e9trange","date":"31 janvier 2010","format":false,"excerpt":"Entre deux lectures, je vivais dans la tristesse de r\u00eaveries angoiss\u00e9es, comme cette feuille gisant dans les airs, entre deux eaux, d\u00e9croch\u00e9e mais pas encore \u00e9chou\u00e9e, au risque de se fondre ombre \u00e9trange dans la brume de ce soir tragique d'automne o\u00f9 la nature n'attend qu'une chose, sa mise \u00e0\u2026","rel":"","context":"Dans &quot;fragments d'une histoire&quot;","img":{"alt_text":"","src":"","width":0,"height":0},"classes":[]},{"id":1000,"url":"http:\/\/www.xaviergalaup.net\/tikopia\/2010\/10\/lintensite-dun-vent-attise\/","url_meta":{"origin":1046,"position":5},"title":"L&rsquo;intensit\u00e9 d&rsquo;un vent attise","date":"25 octobre 2010","format":false,"excerpt":"L\u2019intensit\u00e9 d\u2019un vent changeant et glacial attise les tensions d\u2019un jour trop plein d\u2019incertitudes.","rel":"","context":"Dans &quot;phrase du jour&quot;","img":{"alt_text":"","src":"","width":0,"height":0},"classes":[]}],"_links":{"self":[{"href":"http:\/\/www.xaviergalaup.net\/tikopia\/wp-json\/wp\/v2\/posts\/1046"}],"collection":[{"href":"http:\/\/www.xaviergalaup.net\/tikopia\/wp-json\/wp\/v2\/posts"}],"about":[{"href":"http:\/\/www.xaviergalaup.net\/tikopia\/wp-json\/wp\/v2\/types\/post"}],"author":[{"embeddable":true,"href":"http:\/\/www.xaviergalaup.net\/tikopia\/wp-json\/wp\/v2\/users\/1"}],"replies":[{"embeddable":true,"href":"http:\/\/www.xaviergalaup.net\/tikopia\/wp-json\/wp\/v2\/comments?post=1046"}],"version-history":[{"count":0,"href":"http:\/\/www.xaviergalaup.net\/tikopia\/wp-json\/wp\/v2\/posts\/1046\/revisions"}],"wp:attachment":[{"href":"http:\/\/www.xaviergalaup.net\/tikopia\/wp-json\/wp\/v2\/media?parent=1046"}],"wp:term":[{"taxonomy":"category","embeddable":true,"href":"http:\/\/www.xaviergalaup.net\/tikopia\/wp-json\/wp\/v2\/categories?post=1046"},{"taxonomy":"post_tag","embeddable":true,"href":"http:\/\/www.xaviergalaup.net\/tikopia\/wp-json\/wp\/v2\/tags?post=1046"}],"curies":[{"name":"wp","href":"https:\/\/api.w.org\/{rel}","templated":true}]}}