{"id":1042,"date":"2011-04-30T18:42:01","date_gmt":"2011-04-30T16:42:01","guid":{"rendered":"http:\/\/tikopia.wordpress.com\/?p=867"},"modified":"2011-04-30T18:42:01","modified_gmt":"2011-04-30T16:42:01","slug":"la-fille-de-papier-a-amsterdam","status":"publish","type":"post","link":"http:\/\/www.xaviergalaup.net\/tikopia\/2011\/04\/la-fille-de-papier-a-amsterdam\/","title":{"rendered":"la fille de papier \u00e0 Amsterdam"},"content":{"rendered":"<p align=\"JUSTIFY\"><a href=\"http:\/\/tikopia.files.wordpress.com\/2011\/04\/cartepostalpapier.jpg\"><img loading=\"lazy\" class=\"alignleft size-thumbnail wp-image-874\" style=\"margin-top:5px;margin-bottom:5px;\" title=\"CartePostalPapier\" src=\"http:\/\/tikopia.files.wordpress.com\/2011\/04\/cartepostalpapier.jpg?w=131\" alt=\"\" width=\"131\" height=\"150\" \/><\/a>La journ\u00e9e avait \u00e9t\u00e9 \u00e9touffante. J\u2019avais v\u00e9cu recluse et concentr\u00e9e sur mon reportage. Il y avait quelque chose d\u2019\u00e9trange dans l\u2019air. Alors que je mangeais machinalement mon sandwich au bord d\u2019un canal, une nu\u00e9e d\u2019ampoules \u00e9lectriques passa, brillant dans le soleil couchant. Je saisis mon appareil photo et pris des clich\u00e9s \u00e0 la vol\u00e9e. On verra au d\u00e9veloppement.<\/p>\n<p align=\"JUSTIFY\">J\u2019entrai ensuite avec appr\u00e9hension dans le quartier rouge d\u2019Amsterdam qui \u00e9tait calme en cette saison \u00e0 cause de l\u2019absence de touristes. Je fis comme pr\u00e9vu dans mes rep\u00e9rages lors des nuits pr\u00e9c\u00e9dentes. Les filles semblaient ailleurs ce soir, comme pas concern\u00e9es et press\u00e9es que cela finisse.<\/p>\n<p align=\"JUSTIFY\">Et puis il y a eu cette fille, jamais vue avant, dans une vitrine parsem\u00e9e de papiers froiss\u00e9s, si vivante, si attirante. Son bikini de papier semblait fragile et infranchissable en m\u00eame temps. J\u2019ai pris plusieurs clich\u00e9s de ces diff\u00e9rentes poses \u2013 heureusement que j\u2019\u00e9tais accr\u00e9dit\u00e9e \u2013 et, une fraction de seconde, l\u2019expression d\u2019une tristesse fantastique passa sur son visage.<a href=\"http:\/\/tikopia.files.wordpress.com\/2011\/04\/filledepapier.jpg\"><img loading=\"lazy\" class=\"alignright size-thumbnail wp-image-875\" style=\"margin:5px;\" title=\"FilleDePapier\" src=\"http:\/\/tikopia.files.wordpress.com\/2011\/04\/filledepapier.jpg?w=150\" alt=\"\" width=\"150\" height=\"130\" \/><\/a><\/p>\n<p align=\"JUSTIFY\">Cette photo me fait toujours autant pleurer que le soir-m\u00eame en rentrant \u00e0 l\u2019h\u00f4tel sur le Herengracht.<\/p>\n<p align=\"JUSTIFY\"><em>image aussi visible sur <a title=\"Isartpostal\" href=\"http:\/\/isartpostal.aminus3.com\/image\/2011-04-22.html\" target=\"_blank\">Isartpostal<\/a><\/em><\/p>\n","protected":false},"excerpt":{"rendered":"<p>La journ\u00e9e avait \u00e9t\u00e9 \u00e9touffante. J\u2019avais v\u00e9cu recluse et concentr\u00e9e sur mon reportage. Il y avait quelque chose d\u2019\u00e9trange dans l\u2019air. Alors que je mangeais machinalement mon sandwich au bord d\u2019un canal, une nu\u00e9e d\u2019ampoules \u00e9lectriques passa, brillant dans le soleil couchant. Je saisis mon appareil photo et pris des clich\u00e9s \u00e0 la vol\u00e9e. On &hellip; <\/p>\n<p class=\"link-more\"><a href=\"http:\/\/www.xaviergalaup.net\/tikopia\/2011\/04\/la-fille-de-papier-a-amsterdam\/\" class=\"more-link\">Continuer la lecture<span class=\"screen-reader-text\"> de &laquo;&nbsp;la fille de papier \u00e0 Amsterdam&nbsp;&raquo;<\/span><\/a><\/p>\n","protected":false},"author":1,"featured_media":0,"comment_status":"open","ping_status":"open","sticky":false,"template":"","format":"standard","meta":{"spay_email":"","jetpack_publicize_message":"","jetpack_is_tweetstorm":false,"jetpack_publicize_feature_enabled":true},"categories":[2,6,14,29],"tags":[],"jetpack_featured_media_url":"","jetpack_publicize_connections":[],"jetpack_sharing_enabled":true,"jetpack_shortlink":"https:\/\/wp.me\/p5H0vD-gO","jetpack-related-posts":[{"id":1151,"url":"http:\/\/www.xaviergalaup.net\/tikopia\/2012\/02\/photo-du-3-fevrier-2012\/","url_meta":{"origin":1042,"position":0},"title":"Photo du 3 f\u00e9vrier 2012","date":"5 f\u00e9vrier 2012","format":false,"excerpt":"je l\u2019ai attendu, elle a fini par arriver cette satan\u00e9e neige, ces derniers temps le ciel \u00e9tait lourd de belles promesses mais rien n\u2019y faisait, les nuages s\u2019\u00e9loignaient et je redevenais triste, irritable, j\u2019avais pris ma d\u00e9cision \u00e0 l\u2019automne de venir m\u2019installer d\u00e9finitivement \u00e0 la montagne, je voulais en finir\u2026","rel":"","context":"Dans &quot;fragments d'une histoire&quot;","img":{"alt_text":"","src":"","width":0,"height":0},"classes":[]},{"id":2654,"url":"http:\/\/www.xaviergalaup.net\/tikopia\/2019\/09\/allee-de-amandiers-st-claude-guadeloupe\/","url_meta":{"origin":1042,"position":1},"title":"All\u00e9e de Amandiers (St Claude-Guadeloupe)","date":"30 septembre 2019","format":false,"excerpt":"Houra! La bille a travers\u00e9 la grande longueur de la grande terrasse en L qui occupe tout l'avant de la maison cot\u00e9 All\u00e9e de Amandiers. Le long roulement s'est termin\u00e9 par un double tintement contre les grosses billes qui attendait de l'autre c\u00f4t\u00e9. Je me suis applaudis bruyamment. Personne \u00e0\u2026","rel":"","context":"Dans &quot;atelier f-bon&quot;","img":{"alt_text":"","src":"","width":0,"height":0},"classes":[]},{"id":871,"url":"http:\/\/www.xaviergalaup.net\/tikopia\/2009\/04\/histoire-urbaine\/","url_meta":{"origin":1042,"position":2},"title":"Histoire urbaine","date":"10 avril 2009","format":false,"excerpt":"Je ne veux pas disparaitre comme ces silhouettes qui passent (et tr\u00e9passent?) devant mes yeux. Je marche, j'attends et je cherche une expression, un visage, un corps qui d\u00e9sire de la couleur. L'exub\u00e9rance architecturale me fait plus vibrer que le pas press\u00e9 des passants. Je photographie discr\u00e8tement \u00e0 la vol\u00e9e\u2026","rel":"","context":"Dans &quot;micro-fictions&quot;","img":{"alt_text":"","src":"","width":0,"height":0},"classes":[]},{"id":2270,"url":"http:\/\/www.xaviergalaup.net\/tikopia\/2013\/04\/quand-le-tourbillon-est-parti-jai-su-ce-qui-manquait\/","url_meta":{"origin":1042,"position":3},"title":"quand le tourbillon est parti j\u2019ai su ce qui manquait","date":"13 avril 2013","format":false,"excerpt":"Longtemps je me suis assis au milieu des chapeaux, et d\u00e8s qu\u2019il y avait du soleil je sortais prendre l\u2019air, attendre le chaland, quand j\u2019\u00e9tais fatigu\u00e9 alors je prenais une chaise et je me posais au milieu de chapeaux, j\u2019avais rep\u00e9r\u00e9 que c\u2019\u00e9tait l\u2019endroit strat\u00e9gique pour voir ces dames faire\u2026","rel":"","context":"Dans &quot;fragment po\u00e9tique&quot;","img":{"alt_text":"","src":"https:\/\/i1.wp.com\/ssl11.ovh.net\/~xaviergada\/tikopia\/wp-content\/uploads\/2013\/04\/Chapeaux-249x300.jpg?resize=350%2C200&ssl=1","width":350,"height":200},"classes":[]},{"id":2594,"url":"http:\/\/www.xaviergalaup.net\/tikopia\/2019\/05\/la-chanson-de-roland-atelier-nouvelle-f-bon-proposition-10\/","url_meta":{"origin":1042,"position":4},"title":"La chanson de Roland (atelier nouvelle F. Bon, proposition 10)","date":"5 mai 2019","format":false,"excerpt":"La chanson de Roland (version 1)Je l'ai crois\u00e9 plusieurs fois sur la plage. Lorsqu'il marchait en regardant l'horizon, Roland avait tour \u00e0 tour l'air r\u00eaveur, pensif et parfois triste. La premi\u00e8re fois que je l'ai dessin\u00e9, c'\u00e9tait en cachette, il \u00e9tait assis sur un banc face \u00e0 l'oc\u00e9an et il\u2026","rel":"","context":"Dans &quot;atelier f-bon&quot;","img":{"alt_text":"","src":"","width":0,"height":0},"classes":[]},{"id":1356,"url":"http:\/\/www.xaviergalaup.net\/tikopia\/2012\/03\/comme-une-ame-chiffonnee\/","url_meta":{"origin":1042,"position":5},"title":"comme une \u00e2me chiffonn\u00e9e","date":"11 mars 2012","format":false,"excerpt":"ce matin des fleurs de mots ont \u00e9clos du papier, j\u2019\u00e9tais jusque l\u00e0 \u00e0 peine plus qu\u2019un reflet, j\u2019avais la f\u00e2cheuse impression d\u2019\u00eatre \u00e9gar\u00e9e dans le monde, comme un \u00e2me chiffonn\u00e9e qui attendait le rebut, je m\u2019\u00e9tais r\u00e9veill\u00e9e plus par habitude que par envie de vivre, j\u2019avais bien remarqu\u00e9 dehors\u2026","rel":"","context":"Dans &quot;fragment po\u00e9tique&quot;","img":{"alt_text":"","src":"","width":0,"height":0},"classes":[]}],"_links":{"self":[{"href":"http:\/\/www.xaviergalaup.net\/tikopia\/wp-json\/wp\/v2\/posts\/1042"}],"collection":[{"href":"http:\/\/www.xaviergalaup.net\/tikopia\/wp-json\/wp\/v2\/posts"}],"about":[{"href":"http:\/\/www.xaviergalaup.net\/tikopia\/wp-json\/wp\/v2\/types\/post"}],"author":[{"embeddable":true,"href":"http:\/\/www.xaviergalaup.net\/tikopia\/wp-json\/wp\/v2\/users\/1"}],"replies":[{"embeddable":true,"href":"http:\/\/www.xaviergalaup.net\/tikopia\/wp-json\/wp\/v2\/comments?post=1042"}],"version-history":[{"count":0,"href":"http:\/\/www.xaviergalaup.net\/tikopia\/wp-json\/wp\/v2\/posts\/1042\/revisions"}],"wp:attachment":[{"href":"http:\/\/www.xaviergalaup.net\/tikopia\/wp-json\/wp\/v2\/media?parent=1042"}],"wp:term":[{"taxonomy":"category","embeddable":true,"href":"http:\/\/www.xaviergalaup.net\/tikopia\/wp-json\/wp\/v2\/categories?post=1042"},{"taxonomy":"post_tag","embeddable":true,"href":"http:\/\/www.xaviergalaup.net\/tikopia\/wp-json\/wp\/v2\/tags?post=1042"}],"curies":[{"name":"wp","href":"https:\/\/api.w.org\/{rel}","templated":true}]}}