{"id":1019,"date":"2011-01-23T20:08:43","date_gmt":"2011-01-23T18:08:43","guid":{"rendered":"http:\/\/tikopia.wordpress.com\/?p=786"},"modified":"2011-01-23T20:08:43","modified_gmt":"2011-01-23T18:08:43","slug":"barbeles","status":"publish","type":"post","link":"http:\/\/www.xaviergalaup.net\/tikopia\/2011\/01\/barbeles\/","title":{"rendered":"barbel\u00e9s"},"content":{"rendered":"<p>En touchant les barbel\u00e9s,<br \/>\nl\u2019enfant se pique d\u2019horizon<\/p>\n<p><em>d\u2019apr\u00e8s le <a title=\"Zakariya's photoblog\" href=\"http:\/\/aksha.aminus3.com\/\" target=\"_blank\">zakariya\u2019s photoblog<\/a>, inspir\u00e9 de la photo <a title=\"photo ... (20\/08\/2010)\" href=\"http:\/\/aksha.aminus3.com\/image\/2010-08-20.html\">&#8230; (20\/08\/2010)<\/a><\/em><\/p>\n","protected":false},"excerpt":{"rendered":"<p>En touchant les barbel\u00e9s, l\u2019enfant se pique d\u2019horizon d\u2019apr\u00e8s le zakariya\u2019s photoblog, inspir\u00e9 de la photo &#8230; (20\/08\/2010)<\/p>\n","protected":false},"author":1,"featured_media":0,"comment_status":"open","ping_status":"open","sticky":false,"template":"","format":"standard","meta":{"spay_email":"","jetpack_publicize_message":"","jetpack_is_tweetstorm":false,"jetpack_publicize_feature_enabled":true},"categories":[19,21,22,23,24,26],"tags":[],"jetpack_featured_media_url":"","jetpack_publicize_connections":[],"jetpack_sharing_enabled":true,"jetpack_shortlink":"https:\/\/wp.me\/s5H0vD-barbeles","jetpack-related-posts":[{"id":762,"url":"http:\/\/www.xaviergalaup.net\/tikopia\/2008\/04\/prison-en-double\/","url_meta":{"origin":1019,"position":0},"title":"Prison en double","date":"20 avril 2008","format":false,"excerpt":"Voici deux inspirations diff\u00e9rentes \u00e0 partir de la m\u00eame photo 1 Qui osera franchir cette limite, faire ce pas de l'autre cot\u00e9, regarder au-del\u00e0 des barbel\u00e9s Il n'y a pas que le vent qui cherche \u00e0 parcourir le monde 2 Ces fils barbel\u00e9s me hantent comme le crissement de mes\u2026","rel":"","context":"Dans &quot;photos&quot;","img":{"alt_text":"","src":"","width":0,"height":0},"classes":[]},{"id":1018,"url":"http:\/\/www.xaviergalaup.net\/tikopia\/2011\/01\/cerfs-volants\/","url_meta":{"origin":1019,"position":1},"title":"Cerfs-volants","date":"21 janvier 2011","format":false,"excerpt":"Sur le silence pesant des nuages, l\u2019enfant l\u00e2che sa l\u00e9g\u00e8ret\u00e9. d\u2019apr\u00e8s le zakariya\u2019s photoblog, inspir\u00e9 de la photo ... (17\/08\/2010)","rel":"","context":"Dans &quot;Po\u00e8me&quot;","img":{"alt_text":"","src":"","width":0,"height":0},"classes":[]},{"id":754,"url":"http:\/\/www.xaviergalaup.net\/tikopia\/2008\/02\/psycho\/","url_meta":{"origin":1019,"position":2},"title":"Psycho","date":"3 f\u00e9vrier 2008","format":false,"excerpt":"La folie grandit en moi, ces fissures dans mes neurones les spirales encerclent mon air c'est le monde qui est fou toutes ces id\u00e9es \u00e9coeurantes qui s'amoncellent impossible de grandir sans rire des absurdit\u00e9s que j'imagine c'est le monde qui est fou et je suis l'enfant qui d\u00e9truira le mal\u2026","rel":"","context":"Dans &quot;photos&quot;","img":{"alt_text":"","src":"","width":0,"height":0},"classes":[]},{"id":972,"url":"http:\/\/www.xaviergalaup.net\/tikopia\/2010\/06\/tendres-derives\/","url_meta":{"origin":1019,"position":3},"title":"Tendres d\u00e9rives","date":"6 juin 2010","format":false,"excerpt":"Sous une pluie tendre, il pleut de l'absence de ces mots qui manquent pour donner du souffle contre les griffures s\u00e9pia du temps qui ne passe pas d'apr\u00e8s le photoblog d'un instant \u00e0 l'autre, inspir\u00e9 de la photo S\u00e9piaTembre","rel":"","context":"Dans &quot;photos&quot;","img":{"alt_text":"","src":"","width":0,"height":0},"classes":[]},{"id":1004,"url":"http:\/\/www.xaviergalaup.net\/tikopia\/2010\/11\/grave-dans-ma-main\/","url_meta":{"origin":1019,"position":4},"title":"Grav\u00e9 dans ma main","date":"11 novembre 2010","format":false,"excerpt":"Grav\u00e9 dans ma maintoutes les lignes de ton corps respirentet brillent d'un or tendresur ma part d'ombrereflet qui sculpte sans cessede joyeuses asp\u00e9rit\u00e9s.d'apr\u00e8s le photoblog L'objectiva fotografica, inspir\u00e9 de la photo De qui \u00e9s aquesta m\u00e0?","rel":"","context":"Dans &quot;photos&quot;","img":{"alt_text":"","src":"","width":0,"height":0},"classes":[]},{"id":957,"url":"http:\/\/www.xaviergalaup.net\/tikopia\/2010\/03\/le-paysage-senfuit\/","url_meta":{"origin":1019,"position":5},"title":"Le paysage s&rsquo;enfuit","date":"7 mars 2010","format":false,"excerpt":"Sentir le paysage s'enfuir \u00e0 grande vitesse alors que sa vie ailleurs n'est que tristesse et quand gratter les images n'apporte que rage \u00e0 quelqu'un de trop sage pour aimer autre chose que contempler la rose s'effacer dans le paysage inspir\u00e9 du photoblog Nissou*blogphotography, d'apr\u00e8s la photo on the road\u2026","rel":"","context":"Dans &quot;photos&quot;","img":{"alt_text":"","src":"","width":0,"height":0},"classes":[]}],"_links":{"self":[{"href":"http:\/\/www.xaviergalaup.net\/tikopia\/wp-json\/wp\/v2\/posts\/1019"}],"collection":[{"href":"http:\/\/www.xaviergalaup.net\/tikopia\/wp-json\/wp\/v2\/posts"}],"about":[{"href":"http:\/\/www.xaviergalaup.net\/tikopia\/wp-json\/wp\/v2\/types\/post"}],"author":[{"embeddable":true,"href":"http:\/\/www.xaviergalaup.net\/tikopia\/wp-json\/wp\/v2\/users\/1"}],"replies":[{"embeddable":true,"href":"http:\/\/www.xaviergalaup.net\/tikopia\/wp-json\/wp\/v2\/comments?post=1019"}],"version-history":[{"count":0,"href":"http:\/\/www.xaviergalaup.net\/tikopia\/wp-json\/wp\/v2\/posts\/1019\/revisions"}],"wp:attachment":[{"href":"http:\/\/www.xaviergalaup.net\/tikopia\/wp-json\/wp\/v2\/media?parent=1019"}],"wp:term":[{"taxonomy":"category","embeddable":true,"href":"http:\/\/www.xaviergalaup.net\/tikopia\/wp-json\/wp\/v2\/categories?post=1019"},{"taxonomy":"post_tag","embeddable":true,"href":"http:\/\/www.xaviergalaup.net\/tikopia\/wp-json\/wp\/v2\/tags?post=1019"}],"curies":[{"name":"wp","href":"https:\/\/api.w.org\/{rel}","templated":true}]}}